{"id":2701,"date":"2019-02-21T16:01:33","date_gmt":"2019-02-21T19:01:33","guid":{"rendered":"http:\/\/dgospel.com.br\/portal\/?p=2701"},"modified":"2019-02-21T16:01:33","modified_gmt":"2019-02-21T19:01:33","slug":"alcoolismo-causa-cerca-de-tres-milhoes-de-mortes-no-mundo-em-2016","status":"publish","type":"post","link":"https:\/\/dgospel.com.br\/portal\/index.php\/2019\/02\/21\/alcoolismo-causa-cerca-de-tres-milhoes-de-mortes-no-mundo-em-2016\/","title":{"rendered":"Alcoolismo causa cerca de tr\u00eas milh\u00f5es de mortes no mundo em 2016"},"content":{"rendered":"<p>O alcoolismo, segundo relat\u00f3rio da Organiza\u00e7\u00e3o Mundial da Sa\u00fade, foi o respons\u00e1vel por 3\u00a0milh\u00f5es de mortes no mundo em 2016 e 4,2% dos brasileiros sofrem com transtornos<br \/>\nrelacionados ao h\u00e1bito nocivo. No Dia Nacional de Combate ao Alcoolismo e Outras Drogas,\u00a0celebrado nessa quarta-feira, 20, data em que h\u00e1 um debate a respeito do tema, a\u00a0Secretaria de Estado da Sa\u00fade (SES) esclarece pontos determinantes no diagn\u00f3stico e no tratamento de dependentes.<\/p>\n<p>Segundo a assistente social da Ger\u00eancia da Rede de Aten\u00e7\u00e3o Psicossocial da SES, Zeli Silva, o\u00a0cidad\u00e3o deve ter consci\u00eancia dos cuidados quando os problemas come\u00e7am a acontecer com\u00a0h\u00e1bitos de ingest\u00e3o acima do toler\u00e1vel. \u201cTemos visto muitos casos de alcoolismo ainda na\u00a0adolesc\u00eancia e tem sido nossa preocupa\u00e7\u00e3o. A orienta\u00e7\u00e3o nesses casos \u00e9 sempre para a\u00a0conversa, que\u00a0\u00e9 muito importante em todos os momentos. Pergunte ao seu filho o que\u00a0ele est\u00e1 sentindo e o que pensa sobre o consumo de bebidas alco\u00f3licas\u201d, destacou,\u00a0acrescentando que os filhos se espelham no comportamento dos pais. &#8220;Reflita sobre a oferta\u00a0de bebidas que voc\u00ea disponibiliza nas festas e nos encontros em fam\u00edlia\u201d.<\/p>\n<p>Para os pais que t\u00eam dificuldade em manter um di\u00e1logo, Zeli Silva aconselha que o assunto seja\u00a0abordado por meio de filmes, novelas, not\u00edcias de jornal e leituras para falar sobre a preven\u00e7\u00e3o\u00a0ao uso de drogas. \u201cAquele serm\u00e3o caso o filho chegue embriagado de uma festa pouco\u00a0adianta. Seja amoroso, por\u00e9m insistente nas quest\u00f5es e nas\u00a0conversas sobre drogas\u201d.<\/p>\n<p><strong>Danos<\/strong><\/p>\n<p>A nocividade do alcoolismo ao organismo humano se apresenta de diversas formas, com fala\u00a0arrastada, sonol\u00eancia, v\u00f4mitos, diarreia, azia e queima\u00e7\u00e3o no est\u00f4mago, dor de cabe\u00e7a,\u00a0dificuldade para respirar, vis\u00e3o e audi\u00e7\u00e3o alteradas, altera\u00e7\u00e3o na capacidade de racioc\u00ednio,\u00a0falta de aten\u00e7\u00e3o, altera\u00e7\u00e3o na percep\u00e7\u00e3o e na coordena\u00e7\u00e3o motora,\u00a0<em>blackout<\/em>\u00a0alco\u00f3lico que s\u00e3o\u00a0falhas de mem\u00f3ria em que o indiv\u00edduo n\u00e3o consegue lembrar o que aconteceu enquanto\u00a0estava sob a influ\u00eancia do \u00e1lcool, perda de reflexos, perda de julgamento da realidade e coma\u00a0alco\u00f3lico.<\/p>\n<p><strong>Ajuda<\/strong><\/p>\n<p>Quando observado algum sintoma de depress\u00e3o, ansiedade ou qualquer outro tipo de\u00a0confus\u00e3o mental, principalmente associado ao consumo de drogas, deve-se procurar uma unidade de sa\u00fade, tendo em vista que toda a Rede do Sistema \u00danico de Sa\u00fade (SUS) \u00e9 porta de\u00a0entrada para o atendimento de pessoas nestas condi\u00e7\u00f5es.<\/p>\n<p>Os servi\u00e7os est\u00e3o aptos a atender demandas espont\u00e2neas para o in\u00edcio e a continuidade do\u00a0tratamento. \u201cAp\u00f3s uma avalia\u00e7\u00e3o, o paciente poder\u00e1 ser encaminhado, dependendo do caso,\u00a0para um hospital com atendimento psiqui\u00e1trico ou um Centro de Aten\u00e7\u00e3o Psicossocial\u00a0(Caps) e a interna\u00e7\u00e3o \u00e9 reservada a casos graves\u201d, pontuou Zeli.<\/p>\n<p><strong>Dados<\/strong><br \/>\nO Estado possui 21 unidades de Caps, distribu\u00eddas estrategicamente nos munic\u00edpios de\u00a0Araguatins, Buriti do Tocantins, Formoso do Araguaia, Gurupi, Miracema do Tocantins, Paraiso\u00a0do Tocantins, Pequizeiro, S\u00edtio Novo, Taguatinga, Tocantin\u00f3polis, Aragua\u00edna, Colinas do\u00a0Tocantins, Dian\u00f3polis, Palmas, Porto Nacional e Augustin\u00f3polis.\u00a0Em todas as unidades, foram realizados 213.550 procedimentos ambulatoriais pelos Caps\u00a0do\u00a0Estado durante o ano de 2018.<\/p>\n<p>&nbsp;<\/p>\n","protected":false},"excerpt":{"rendered":"<p>O alcoolismo, segundo relat\u00f3rio da Organiza\u00e7\u00e3o Mundial da Sa\u00fade, foi o respons\u00e1vel por 3\u00a0milh\u00f5es de mortes no mundo em 2016 e 4,2% dos brasileiros sofrem com transtornos relacionados ao h\u00e1bito nocivo. No Dia Nacional de Combate ao Alcoolismo e Outras Drogas,\u00a0celebrado nessa quarta-feira, 20, data em que h\u00e1 um debate a respeito do tema, a\u00a0Secretaria [&hellip;]<\/p>\n","protected":false},"author":2,"featured_media":2702,"comment_status":"open","ping_status":"open","sticky":false,"template":"","format":"standard","meta":[],"categories":[2,10],"tags":[],"_links":{"self":[{"href":"https:\/\/dgospel.com.br\/portal\/index.php\/wp-json\/wp\/v2\/posts\/2701"}],"collection":[{"href":"https:\/\/dgospel.com.br\/portal\/index.php\/wp-json\/wp\/v2\/posts"}],"about":[{"href":"https:\/\/dgospel.com.br\/portal\/index.php\/wp-json\/wp\/v2\/types\/post"}],"author":[{"embeddable":true,"href":"https:\/\/dgospel.com.br\/portal\/index.php\/wp-json\/wp\/v2\/users\/2"}],"replies":[{"embeddable":true,"href":"https:\/\/dgospel.com.br\/portal\/index.php\/wp-json\/wp\/v2\/comments?post=2701"}],"version-history":[{"count":1,"href":"https:\/\/dgospel.com.br\/portal\/index.php\/wp-json\/wp\/v2\/posts\/2701\/revisions"}],"predecessor-version":[{"id":2703,"href":"https:\/\/dgospel.com.br\/portal\/index.php\/wp-json\/wp\/v2\/posts\/2701\/revisions\/2703"}],"wp:featuredmedia":[{"embeddable":true,"href":"https:\/\/dgospel.com.br\/portal\/index.php\/wp-json\/wp\/v2\/media\/2702"}],"wp:attachment":[{"href":"https:\/\/dgospel.com.br\/portal\/index.php\/wp-json\/wp\/v2\/media?parent=2701"}],"wp:term":[{"taxonomy":"category","embeddable":true,"href":"https:\/\/dgospel.com.br\/portal\/index.php\/wp-json\/wp\/v2\/categories?post=2701"},{"taxonomy":"post_tag","embeddable":true,"href":"https:\/\/dgospel.com.br\/portal\/index.php\/wp-json\/wp\/v2\/tags?post=2701"}],"curies":[{"name":"wp","href":"https:\/\/api.w.org\/{rel}","templated":true}]}}