{"id":2704,"date":"2019-02-22T09:35:11","date_gmt":"2019-02-22T12:35:11","guid":{"rendered":"http:\/\/dgospel.com.br\/portal\/?p=2704"},"modified":"2019-02-22T09:35:12","modified_gmt":"2019-02-22T12:35:12","slug":"deputado-ex-gay-diz-que-criminalizacao-da-homofobia-trara-guerra-santa","status":"publish","type":"post","link":"https:\/\/dgospel.com.br\/portal\/index.php\/2019\/02\/22\/deputado-ex-gay-diz-que-criminalizacao-da-homofobia-trara-guerra-santa\/","title":{"rendered":"Deputado &#8220;ex-gay\u201d diz que criminaliza\u00e7\u00e3o da homofobia trar\u00e1 &#8220;guerra santa&#8221;"},"content":{"rendered":"<p>Uma das novas caras da C\u00e2mara dos Deputados, Pastor Sargento Isid\u00f3rio (Avante-BA) representa a ala conservadora nos costumes. Autodeclarado &#8220;ex-gay&#8221;, o baiano entende que a criminaliza\u00e7\u00e3o da homofobia traria\u00a0uma &#8220;guerra santa&#8221; ao pa\u00eds. O assunto est\u00e1 em discuss\u00e3o no STF (Supremo Tribunal Federal). A Corte discute desde a semana passada o assunto, mas, at\u00e9 agora, apenas quatro ministros votaram. N\u00e3o h\u00e1 data para que o julgamento seja retomado. &#8220;Eu sou ex-homossexual, ent\u00e3o tenho convic\u00e7\u00e3o de que \u00e9 poss\u00edvel viver respeitando uns aos outros. E por que que a gente vai aceitar que haja uma lei que vai estimular uma guerra? O que vai acontecer \u00e9 uma guerra santa, t\u00e1 entendendo?&#8221;, disse.<\/p>\n<p>O deputado comparou a quest\u00e3o da criminaliza\u00e7\u00e3o \u00e0 criminalidade de menores infratores.<\/p>\n<p>&#8220;\u00c9 como os menores. Por que os menores de idade cometem muito crime? Porque se acham protegidos pelo ECA [Estatuto da Crian\u00e7a e do Adolescente], que eles se acham acima da lei&#8221;, disse. O baiano \u00e9 fiel seguidor da B\u00edblia &#8211; e carrega o livro por todas as depend\u00eancias do Congresso. Na \u00faltima semana, inclusive, portava uma debaixo do bra\u00e7o e outra em um suporte acima da cabe\u00e7a. Ele justificou que o ato era um protesto contra o julgamento do STF, que &#8220;quer proibir a interpreta\u00e7\u00e3o da B\u00edblia&#8221;. O pastor tamb\u00e9m considera que o assunto deveria ser discutido pela C\u00e2mara, n\u00e3o pautado pelo Supremo. Com a mudan\u00e7a de op\u00e7\u00e3o sexual, h\u00e1 24 anos, um dos primeiros projetos de lei protocolados por por Isid\u00f3rio foi a cria\u00e7\u00e3o do &#8220;Dia do Orgulho H\u00e9tero&#8221;. Nesta quarta-feira (20), durante discurso na tribuna, refor\u00e7ou que \u00e9 &#8220;ex-gay&#8221; e falou sobre o projeto.<\/p>\n<p>Fonte: UOL<\/p>\n","protected":false},"excerpt":{"rendered":"<p>Uma das novas caras da C\u00e2mara dos Deputados, Pastor Sargento Isid\u00f3rio (Avante-BA) representa a ala conservadora nos costumes. Autodeclarado &#8220;ex-gay&#8221;, o baiano entende que a criminaliza\u00e7\u00e3o da homofobia traria\u00a0uma &#8220;guerra santa&#8221; ao pa\u00eds. O assunto est\u00e1 em discuss\u00e3o no STF (Supremo Tribunal Federal). A Corte discute desde a semana passada o assunto, mas, at\u00e9 agora, [&hellip;]<\/p>\n","protected":false},"author":2,"featured_media":2705,"comment_status":"open","ping_status":"open","sticky":false,"template":"","format":"standard","meta":[],"categories":[2,5,6],"tags":[],"_links":{"self":[{"href":"https:\/\/dgospel.com.br\/portal\/index.php\/wp-json\/wp\/v2\/posts\/2704"}],"collection":[{"href":"https:\/\/dgospel.com.br\/portal\/index.php\/wp-json\/wp\/v2\/posts"}],"about":[{"href":"https:\/\/dgospel.com.br\/portal\/index.php\/wp-json\/wp\/v2\/types\/post"}],"author":[{"embeddable":true,"href":"https:\/\/dgospel.com.br\/portal\/index.php\/wp-json\/wp\/v2\/users\/2"}],"replies":[{"embeddable":true,"href":"https:\/\/dgospel.com.br\/portal\/index.php\/wp-json\/wp\/v2\/comments?post=2704"}],"version-history":[{"count":1,"href":"https:\/\/dgospel.com.br\/portal\/index.php\/wp-json\/wp\/v2\/posts\/2704\/revisions"}],"predecessor-version":[{"id":2706,"href":"https:\/\/dgospel.com.br\/portal\/index.php\/wp-json\/wp\/v2\/posts\/2704\/revisions\/2706"}],"wp:featuredmedia":[{"embeddable":true,"href":"https:\/\/dgospel.com.br\/portal\/index.php\/wp-json\/wp\/v2\/media\/2705"}],"wp:attachment":[{"href":"https:\/\/dgospel.com.br\/portal\/index.php\/wp-json\/wp\/v2\/media?parent=2704"}],"wp:term":[{"taxonomy":"category","embeddable":true,"href":"https:\/\/dgospel.com.br\/portal\/index.php\/wp-json\/wp\/v2\/categories?post=2704"},{"taxonomy":"post_tag","embeddable":true,"href":"https:\/\/dgospel.com.br\/portal\/index.php\/wp-json\/wp\/v2\/tags?post=2704"}],"curies":[{"name":"wp","href":"https:\/\/api.w.org\/{rel}","templated":true}]}}