{"id":2707,"date":"2019-02-22T10:02:33","date_gmt":"2019-02-22T13:02:33","guid":{"rendered":"http:\/\/dgospel.com.br\/portal\/?p=2707"},"modified":"2019-02-22T10:05:42","modified_gmt":"2019-02-22T13:05:42","slug":"e-uma-preocupacao-de-todos-nos-o-ativismo-judicial-diz-damares-alves-ao-responder-critica-do-ministro-celso-de-mello","status":"publish","type":"post","link":"https:\/\/dgospel.com.br\/portal\/index.php\/2019\/02\/22\/e-uma-preocupacao-de-todos-nos-o-ativismo-judicial-diz-damares-alves-ao-responder-critica-do-ministro-celso-de-mello\/","title":{"rendered":"&#8220;\u00c9 uma preocupa\u00e7\u00e3o de todos n\u00f3s o ativismo judicial&#8221;, diz Damares Alves, ao responder cr\u00edtica do ministro Celso de Mello"},"content":{"rendered":"<p>Criticada pelo ministro Celso de Mello em seu\u00a0<a href=\"http:\/\/noticias.uol.com.br\/cotidiano\/ultimas-noticias\/2019\/02\/20\/em-155-paginas-celso-de-mello-defende-criminalizacao-da-homofobia-leia.htm\">voto em uma das a\u00e7\u00f5es que pedem a criminaliza\u00e7\u00e3o da homofobia<\/a>, a ministra da Mulher, da Fam\u00edlia e dos Direitos Humanos, Damares Alves, respondeu ao decano do STF (Supremo Tribunal Federal) ao condenar o &#8220;ativismo judicial&#8221; em pautas como o aborto.<\/p>\n<p>Segundo ela, &#8220;\u00e9 uma preocupa\u00e7\u00e3o de todos n\u00f3s o ativismo judicial&#8221;. &#8220;Esse tema [do aborto] \u00e9 do Congresso Nacional. E n\u00e3o \u00e9 do Judici\u00e1rio.&#8221;<\/p>\n<p>A indireta ocorreu durante audi\u00eancia no Senado em que a representante do governo do presidente Jair Bolsonaro (PSL) foi convidada a explicitar as pol\u00edticas p\u00fablicas do minist\u00e9rio para a \u00e1rea dos direitos humanos.<\/p>\n<p>H\u00e1 uma semana, Mello afirmou durante julgamento que a &#8220;heteronormatividade&#8221; restringe os direitos da popula\u00e7\u00e3o LGBT e\u00a0<a href=\"https:\/\/noticias.uol.com.br\/cotidiano\/ultimas-noticias\/2019\/02\/14\/ministro-do-stf-damares-heteronormatividade-agride-direitos-lgbt.htm\">citou, em tom cr\u00edtico, uma das frases pol\u00eamicas de Damares, de que &#8220;menino veste azul e menina veste rosa&#8221;<\/a>.<\/p>\n<p>Para exemplificar seu pensamento, Mello citou a frase da fil\u00f3sofa feminista francesa Simone de Beauvoir de que &#8220;ningu\u00e9m nasce mulher, torna-se mulher&#8221;.<\/p>\n<p>Esse pensamento \u00e9 o oposto do que prega Damares, que, durante a audi\u00eancia no Senado hoje, reafirmou o seu rep\u00fadio ao que chama de &#8220;ideologia de g\u00eanero&#8221;. Para a representante do governo Bolsonaro, &#8220;homem nasce homem, mulher nasce mulher. Ser travesti \u00e9 uma constru\u00e7\u00e3o social e cultural, ser gay \u00e9 uma constru\u00e7\u00e3o social e cultural.&#8221;<\/p>\n<p>&#8220;Quando os ide\u00f3logos de g\u00eanero falam que ningu\u00e9m nasce homem, que ningu\u00e9m nasce mulher, est\u00e1 mandando um recado tamb\u00e9m que ningu\u00e9m nasce gay, l\u00e9sbica, que isso \u00e9 uma constru\u00e7\u00e3o e isso me preocupa muito.&#8221;<\/p>\n<p>Em seu voto, o decano do STF criticou o uso da express\u00e3o &#8220;ideologia de g\u00eanero&#8221;, termo usado por segmentos religiosos para criticar a ideia da livre orienta\u00e7\u00e3o sexual, em contraponto \u00e0 ideia defendida por esses segmentos de que o sexo biol\u00f3gico deve determinar o g\u00eanero e a orienta\u00e7\u00e3o sexual.<\/p>\n<p>Em resposta a coment\u00e1rios de deputados presentes na audi\u00eancia, Damares observou que &#8220;agora os conservadores est\u00e3o no poder&#8221; e que, se n\u00e3o der certo, os brasileiros ter\u00e3o condi\u00e7\u00f5es de &#8220;trocar daqui a quatro anos&#8221;. &#8220;A democracia \u00e9 isso. A altern\u00e2ncia de poder.&#8221;<\/p>\n<p>Ao fim da audi\u00eancia, que durou mais de tr\u00eas horas,\u00a0Damares foi aplaudida pelo p\u00fablico presente e pelas autoridades que comp\u00f5em a comiss\u00e3o. Ela tamb\u00e9m fez elogios ao presidente do grupo, senador Paulo Paim (PT-RS), lembrando da participa\u00e7\u00e3o dele na aprova\u00e7\u00e3o de projetos ligados ao tema dos direitos humanos.<\/p>\n<p>&nbsp;<\/p>\n<p>Fonte: UOL<\/p>\n","protected":false},"excerpt":{"rendered":"<p>Criticada pelo ministro Celso de Mello em seu\u00a0voto em uma das a\u00e7\u00f5es que pedem a criminaliza\u00e7\u00e3o da homofobia, a ministra da Mulher, da Fam\u00edlia e dos Direitos Humanos, Damares Alves, respondeu ao decano do STF (Supremo Tribunal Federal) ao condenar o &#8220;ativismo judicial&#8221; em pautas como o aborto. Segundo ela, &#8220;\u00e9 uma preocupa\u00e7\u00e3o de todos [&hellip;]<\/p>\n","protected":false},"author":2,"featured_media":2708,"comment_status":"open","ping_status":"open","sticky":false,"template":"","format":"standard","meta":[],"categories":[2,6,4],"tags":[],"_links":{"self":[{"href":"https:\/\/dgospel.com.br\/portal\/index.php\/wp-json\/wp\/v2\/posts\/2707"}],"collection":[{"href":"https:\/\/dgospel.com.br\/portal\/index.php\/wp-json\/wp\/v2\/posts"}],"about":[{"href":"https:\/\/dgospel.com.br\/portal\/index.php\/wp-json\/wp\/v2\/types\/post"}],"author":[{"embeddable":true,"href":"https:\/\/dgospel.com.br\/portal\/index.php\/wp-json\/wp\/v2\/users\/2"}],"replies":[{"embeddable":true,"href":"https:\/\/dgospel.com.br\/portal\/index.php\/wp-json\/wp\/v2\/comments?post=2707"}],"version-history":[{"count":1,"href":"https:\/\/dgospel.com.br\/portal\/index.php\/wp-json\/wp\/v2\/posts\/2707\/revisions"}],"predecessor-version":[{"id":2709,"href":"https:\/\/dgospel.com.br\/portal\/index.php\/wp-json\/wp\/v2\/posts\/2707\/revisions\/2709"}],"wp:featuredmedia":[{"embeddable":true,"href":"https:\/\/dgospel.com.br\/portal\/index.php\/wp-json\/wp\/v2\/media\/2708"}],"wp:attachment":[{"href":"https:\/\/dgospel.com.br\/portal\/index.php\/wp-json\/wp\/v2\/media?parent=2707"}],"wp:term":[{"taxonomy":"category","embeddable":true,"href":"https:\/\/dgospel.com.br\/portal\/index.php\/wp-json\/wp\/v2\/categories?post=2707"},{"taxonomy":"post_tag","embeddable":true,"href":"https:\/\/dgospel.com.br\/portal\/index.php\/wp-json\/wp\/v2\/tags?post=2707"}],"curies":[{"name":"wp","href":"https:\/\/api.w.org\/{rel}","templated":true}]}}