{"id":2711,"date":"2019-03-06T17:37:52","date_gmt":"2019-03-06T20:37:52","guid":{"rendered":"http:\/\/dgospel.com.br\/portal\/?p=2711"},"modified":"2019-03-06T17:37:52","modified_gmt":"2019-03-06T20:37:52","slug":"alegria-louvor-e-devocao-marcam-abertura-do-palmas-capital-da-fe","status":"publish","type":"post","link":"https:\/\/dgospel.com.br\/portal\/index.php\/2019\/03\/06\/alegria-louvor-e-devocao-marcam-abertura-do-palmas-capital-da-fe\/","title":{"rendered":"Alegria, louvor e devo\u00e7\u00e3o marcam abertura do Palmas Capital da F\u00e9"},"content":{"rendered":"<p class=\"yiv0188657297MsoNormal\">Tr\u00eas atra\u00e7\u00f5es nacionais animaram a primeira noite do Palmas Capital da F\u00e9 na noite dessa sexta-feira, 01, com as apresenta\u00e7\u00f5es do padre Ant\u00f4nio Maria, Gabriela Rocha e da cantora Bruna Karla, que encerrou a maratona de shows do primeiro dia do festival religioso, realizado no circuito montado na Vila Ol\u00edmpica.<\/p>\n<p class=\"yiv0188657297MsoNormal\">\n<p class=\"yiv0188657297MsoNormal\">Quem abriu a festa foi o cantor local padre Ed Reis, seguido pela primeira atra\u00e7\u00e3o nacional, o sacerdote cat\u00f3lico e cantor brasileiro padre Ant\u00f4nio Maria, com um repert\u00f3rio de can\u00e7\u00f5es do seu \u00faltimo disco Mais Perto. O \u00e1lbum inclui os sucessos como Amor que cura, Pra ser feliz, Filha de Maria e Cem mil l\u00e9guas do amor.<\/p>\n<p class=\"yiv0188657297MsoNormal\">\n<p class=\"yiv0188657297MsoNormal\">O Padre Ant\u00f4nio Maria, ao final de sua apresenta\u00e7\u00e3o, declarou emocionado que o Palmas Capital da F\u00e9 come\u00e7ou com o p\u00e9 direito e que deve se perpetuar por muitos anos ainda. \u201cEsse Carnaval \u00e9 o que Deus gosta e que leva as pessoas pra casa com o cora\u00e7\u00e3o cheio de f\u00e9 e esperan\u00e7a e do amor de Deus, e \u00e9 isso que vale\u201d.<\/p>\n<p class=\"yiv0188657297MsoNormal\">\n<p class=\"yiv0188657297MsoNormal\">A cada show apresentado crescia a anima\u00e7\u00e3o e emo\u00e7\u00e3o dos fi\u00e9is. A idosa Berenice Machado, mesmo com dificuldade de locomo\u00e7\u00e3o, foi ao camarim do padre Ant\u00f4nio Maria dizer que veio de Miracema para prestigiar sua presen\u00e7a e cantar o amor de Deus.<\/p>\n<p class=\"yiv0188657297MsoNormal\">\n<p class=\"yiv0188657297MsoNormal\">Depois da apresenta\u00e7\u00e3o do padre Ant\u00f4nio Maria, a prefeita Cinthia Ribeiro, abriu oficialmente a festa, ressaltando a alegria que \u00e9 encontrar milhares de pessoas nesse festival que atrai, principalmente, as fam\u00edlias palmenses para celebrar a alegria no Capital da F\u00e9 em Favor da Vida, tema do festival.<\/p>\n<p class=\"yiv0188657297MsoNormal\">\n<p class=\"yiv0188657297MsoNormal\">\u201cA noite est\u00e1 linda e tudo foi pensado com muito carinho para todos voc\u00eas. Estamos levantando a bandeira em Favor da Vida e contra o suic\u00eddio\u201d, disse a prefeita, ressaltando que a estrutura foi realizada para proteger os participantes da chuva com dois t\u00faneis e outras \u00e1reas cobertas.<\/p>\n<p class=\"yiv0188657297MsoNormal\">\n<p class=\"yiv0188657297MsoNormal\">Terceira atra\u00e7\u00e3o da Noite, a cantora Gabriela Rocha convidou o p\u00fablico para louvar e levou o p\u00fablico a cantar a conhecida m\u00fasica \u2018Pra te adorar oh rei, dos reis foi que eu nasci\u2019 e arrancou coro do p\u00fablico, mesmo debaixo de chuva. Durante a festa, Gabriela Rocha disse que escolheu cantar para levar a palavra de Deus. \u201cEsse \u00e9 o melhor modo de influenciar muitos jovens no caminho de Deus\u201d, disse.<\/p>\n<p class=\"yiv0188657297MsoNormal\">\n<p class=\"yiv0188657297MsoNormal\">O cantor e pregador Dunga, apresentador de televis\u00e3o cat\u00f3lico que trabalha na TV Can\u00e7\u00e3o Nova, tamb\u00e9m subiu ao palco chamando a juventude para cantar o amor de Deus.<\/p>\n<p class=\"yiv0188657297MsoNormal\">\n<p class=\"yiv0188657297MsoNormal\">No final da noite, Bruna Karla, a atra\u00e7\u00e3o mais esperada, se surpreendeu com um circuito lotado, mesmo com chuva, e declarou que esta demonstra\u00e7\u00e3o de f\u00e9 e adora\u00e7\u00e3o demonstra o poder de Deus. \u201cVamos celebrar o amor de Deus\u201d, disse, causando euforia entre os jovens, mostrando o porqu\u00ea de alcan\u00e7ar tanta visibilidade com a garotada, principalmente nas redes sociais.<\/p>\n<p class=\"yiv0188657297MsoNormal\">\n<p class=\"yiv0188657297MsoNormal\"><b>Estrutura<\/b><\/p>\n<p class=\"yiv0188657297MsoNormal\">\n<p class=\"yiv0188657297MsoNormal\">Para facilitar a organiza\u00e7\u00e3o e o revezamento das bandas, foram instalados dois palcos interligados, com a Vila Gastron\u00f4mica, espa\u00e7o para venda de artigos religiosos e\u00a0<i>food trucks<\/i>. Fora do circuito foram montadas mais 30 tendas para ambulantes cadastrados pela Secretaria de Desenvolvimento Econ\u00f4mico de Palmas (Sedem). Em todos os espa\u00e7os do evento, n\u00e3o \u00e9 permitida a venda de bebida alco\u00f3lica.<\/p>\n","protected":false},"excerpt":{"rendered":"<p>Tr\u00eas atra\u00e7\u00f5es nacionais animaram a primeira noite do Palmas Capital da F\u00e9 na noite dessa sexta-feira, 01, com as apresenta\u00e7\u00f5es do padre Ant\u00f4nio Maria, Gabriela Rocha e da cantora Bruna Karla, que encerrou a maratona de shows do primeiro dia do festival religioso, realizado no circuito montado na Vila Ol\u00edmpica. Quem abriu a festa foi [&hellip;]<\/p>\n","protected":false},"author":2,"featured_media":2712,"comment_status":"open","ping_status":"open","sticky":false,"template":"","format":"standard","meta":[],"categories":[2,3,5],"tags":[],"_links":{"self":[{"href":"https:\/\/dgospel.com.br\/portal\/index.php\/wp-json\/wp\/v2\/posts\/2711"}],"collection":[{"href":"https:\/\/dgospel.com.br\/portal\/index.php\/wp-json\/wp\/v2\/posts"}],"about":[{"href":"https:\/\/dgospel.com.br\/portal\/index.php\/wp-json\/wp\/v2\/types\/post"}],"author":[{"embeddable":true,"href":"https:\/\/dgospel.com.br\/portal\/index.php\/wp-json\/wp\/v2\/users\/2"}],"replies":[{"embeddable":true,"href":"https:\/\/dgospel.com.br\/portal\/index.php\/wp-json\/wp\/v2\/comments?post=2711"}],"version-history":[{"count":1,"href":"https:\/\/dgospel.com.br\/portal\/index.php\/wp-json\/wp\/v2\/posts\/2711\/revisions"}],"predecessor-version":[{"id":2713,"href":"https:\/\/dgospel.com.br\/portal\/index.php\/wp-json\/wp\/v2\/posts\/2711\/revisions\/2713"}],"wp:featuredmedia":[{"embeddable":true,"href":"https:\/\/dgospel.com.br\/portal\/index.php\/wp-json\/wp\/v2\/media\/2712"}],"wp:attachment":[{"href":"https:\/\/dgospel.com.br\/portal\/index.php\/wp-json\/wp\/v2\/media?parent=2711"}],"wp:term":[{"taxonomy":"category","embeddable":true,"href":"https:\/\/dgospel.com.br\/portal\/index.php\/wp-json\/wp\/v2\/categories?post=2711"},{"taxonomy":"post_tag","embeddable":true,"href":"https:\/\/dgospel.com.br\/portal\/index.php\/wp-json\/wp\/v2\/tags?post=2711"}],"curies":[{"name":"wp","href":"https:\/\/api.w.org\/{rel}","templated":true}]}}