{"id":2714,"date":"2019-03-06T17:39:16","date_gmt":"2019-03-06T20:39:16","guid":{"rendered":"http:\/\/dgospel.com.br\/portal\/?p=2714"},"modified":"2019-03-06T17:39:16","modified_gmt":"2019-03-06T20:39:16","slug":"davidson-silva-e-anderson-freire-animam-capital-da-fe-neste-domingo-03","status":"publish","type":"post","link":"https:\/\/dgospel.com.br\/portal\/index.php\/2019\/03\/06\/davidson-silva-e-anderson-freire-animam-capital-da-fe-neste-domingo-03\/","title":{"rendered":"Davidson Silva e Anderson Freire animam Capital da F\u00e9 neste domingo, 03"},"content":{"rendered":"<p class=\"yiv9756319018MsoNormal\">Quem abre a noite de domingo, 03, no Palmas Capital da F\u00e9, a partir das 20 horas, ser\u00e1 a cantora gospel pentecostal Rosilene Martins, que tem 18 anos de carreira e oito CDs lan\u00e7ados, sendo dois para o p\u00fablico infantil. Em 2017, a cantora lan\u00e7ou Eu Sou, seu 8\u00ba \u00e1lbum. Em breve a artista gospel pretende gravar um DVD Ao Vivo em Palmas &#8211; TO.<\/p>\n<p class=\"yiv9756319018MsoNormal\">\n<p class=\"yiv9756319018MsoNormal\">Em seguida sobe ao palco o cantor cat\u00f3lico Gil Monteiro, reconhecido como um dos maiores talentos da nova gera\u00e7\u00e3o da m\u00fasica cat\u00f3lica brasileira.\u00a0 O artista re\u00fane simplicidade, ousadia, voz suave, forte e inconfund\u00edvel com can\u00e7\u00f5es que expressam uma entrega total a Deus.<\/p>\n<p class=\"yiv9756319018MsoNormal\">\n<p class=\"yiv9756319018MsoNormal\">Seu mais recente trabalho, o \u00e1lbum Respirar emplacou os sucessos: Fogo do C\u00e9u, Crer e confiar e a faixa tema Respirar. Outro destaque do \u00e1lbum \u00e9 a faixa \u201cVivo pela f\u00e9\u201d. O \u00e1lbum rendeu tr\u00eas indica\u00e7\u00f5es ao Trof\u00e9u Louvemos 2015: Grava\u00e7\u00e3o do Ano, \u00c1lbum Pop e \u00c1lbum Independente.<\/p>\n<p class=\"yiv9756319018MsoNormal\">\n<p class=\"yiv9756319018MsoNormal\">Terceiro m\u00fasico a cantar no domingo, 03, Sandro Nazireu saiu do interior da Bahia, com os instrumentos musicais que criava com latas e panelas velhas na inf\u00e2ncia, ao posto de um dos mais populares cantores crist\u00e3os do Brasil.<\/p>\n<p class=\"yiv9756319018MsoNormal\">\n<p class=\"yiv9756319018MsoNormal\">Sandro Nazireu destaca que tocar teclado e sanfona aconteceu de modo autodidata, um dom recebido de Deus. Depois de liderar por quatro anos o minist\u00e9rio de louvor da Igreja Batista de Matatu, na Bahia, decidiu gravar seu primeiro CD, \u2018Na presen\u00e7a do Senhor\u2019, trabalho que marca sua entrada no mercado fonogr\u00e1fico gospel.<\/p>\n<p class=\"yiv9756319018MsoNormal\">\n<p class=\"yiv9756319018MsoNormal\">Considerado um dos principais nomes da m\u00fasica gospel brasileira, Anderson Freire ser\u00e1 a quarta atra\u00e7\u00e3o musical da noite. Suas composi\u00e7\u00f5es foram descobertas por grandes nomes do segmento, conquistaram r\u00e1dios, igrejas, e, sobretudo, f\u00e3s e pr\u00eamios. O cantor foi quatro vezes indicado ao Grammy Latino (2013, 2014, 2015 e 2016) e o conquistou em 2016.<\/p>\n<p class=\"yiv9756319018MsoNormal\">\n<p class=\"yiv9756319018MsoNormal\">Seu \u00e1lbum mais recente Contagem Regressiva \u00e9 o quarto trabalho in\u00e9dito do artista, lan\u00e7ado em 2018. A produ\u00e7\u00e3o do \u00e1lbum \u00e9 do pr\u00f3prio cantor que, mais uma vez, apresenta trabalho 100% autoral.<\/p>\n<p class=\"yiv9756319018MsoNormal\">\n<p class=\"yiv9756319018MsoNormal\">A programa\u00e7\u00e3o musical da noite ser\u00e1 encerrada com o jovem cantor mineiro Davidson Silva. Desde a inf\u00e2ncia, o artista cat\u00f3lico come\u00e7ou a participar dos concursos de r\u00e1dio na cidade de Belo Horizonte (MG). Na adolesc\u00eancia, integrou o coral da par\u00f3quia que frequentava e do col\u00e9gio onde estudava.<\/p>\n<p class=\"yiv9756319018MsoNormal\">\n<p class=\"yiv9756319018MsoNormal\">Em 2005, Davidson lan\u00e7ou seu primeiro CD solo \u00c1guas Profundas. No ano de 2010, lan\u00e7ou seu segundo trabalho solo, cujo t\u00edtulo \u00e9 Tom\u00e9. Em 2014, lan\u00e7ou o terceiro trabalho, que tem como nome \u2018Desperta\u2019. Davidson Silva \u00e9 considerado, na atualidade, uma das vozes mais bonitas da m\u00fasica cat\u00f3lica.<\/p>\n","protected":false},"excerpt":{"rendered":"<p>Quem abre a noite de domingo, 03, no Palmas Capital da F\u00e9, a partir das 20 horas, ser\u00e1 a cantora gospel pentecostal Rosilene Martins, que tem 18 anos de carreira e oito CDs lan\u00e7ados, sendo dois para o p\u00fablico infantil. Em 2017, a cantora lan\u00e7ou Eu Sou, seu 8\u00ba \u00e1lbum. Em breve a artista gospel [&hellip;]<\/p>\n","protected":false},"author":2,"featured_media":2715,"comment_status":"open","ping_status":"open","sticky":false,"template":"","format":"standard","meta":[],"categories":[2,3,5],"tags":[],"_links":{"self":[{"href":"https:\/\/dgospel.com.br\/portal\/index.php\/wp-json\/wp\/v2\/posts\/2714"}],"collection":[{"href":"https:\/\/dgospel.com.br\/portal\/index.php\/wp-json\/wp\/v2\/posts"}],"about":[{"href":"https:\/\/dgospel.com.br\/portal\/index.php\/wp-json\/wp\/v2\/types\/post"}],"author":[{"embeddable":true,"href":"https:\/\/dgospel.com.br\/portal\/index.php\/wp-json\/wp\/v2\/users\/2"}],"replies":[{"embeddable":true,"href":"https:\/\/dgospel.com.br\/portal\/index.php\/wp-json\/wp\/v2\/comments?post=2714"}],"version-history":[{"count":1,"href":"https:\/\/dgospel.com.br\/portal\/index.php\/wp-json\/wp\/v2\/posts\/2714\/revisions"}],"predecessor-version":[{"id":2716,"href":"https:\/\/dgospel.com.br\/portal\/index.php\/wp-json\/wp\/v2\/posts\/2714\/revisions\/2716"}],"wp:featuredmedia":[{"embeddable":true,"href":"https:\/\/dgospel.com.br\/portal\/index.php\/wp-json\/wp\/v2\/media\/2715"}],"wp:attachment":[{"href":"https:\/\/dgospel.com.br\/portal\/index.php\/wp-json\/wp\/v2\/media?parent=2714"}],"wp:term":[{"taxonomy":"category","embeddable":true,"href":"https:\/\/dgospel.com.br\/portal\/index.php\/wp-json\/wp\/v2\/categories?post=2714"},{"taxonomy":"post_tag","embeddable":true,"href":"https:\/\/dgospel.com.br\/portal\/index.php\/wp-json\/wp\/v2\/tags?post=2714"}],"curies":[{"name":"wp","href":"https:\/\/api.w.org\/{rel}","templated":true}]}}