{"id":2717,"date":"2019-03-06T17:41:21","date_gmt":"2019-03-06T20:41:21","guid":{"rendered":"http:\/\/dgospel.com.br\/portal\/?p=2717"},"modified":"2019-03-06T17:41:21","modified_gmt":"2019-03-06T20:41:21","slug":"com-a-tematica-a-favor-da-vida-capital-da-fe-2019-promove-oportunidades-para-recuperandos","status":"publish","type":"post","link":"https:\/\/dgospel.com.br\/portal\/index.php\/2019\/03\/06\/com-a-tematica-a-favor-da-vida-capital-da-fe-2019-promove-oportunidades-para-recuperandos\/","title":{"rendered":"Com a tem\u00e1tica A Favor da Vida, Capital da F\u00e9 2019 promove oportunidades para recuperandos"},"content":{"rendered":"<div>\n<p class=\"yiv8327529143MsoNormal\">A Prefeitura de Palmas concedeu cinco estandes destinados a projetos sociais de institui\u00e7\u00f5es na Vila Gastron\u00f4mica do Capital da F\u00e9 2019 e um dos box sorteados foi para a Casa Crer que \u00e9 especialista em recupera\u00e7\u00e3o e reeduca\u00e7\u00e3o de dependentes qu\u00edmicos.\u00a0 A abertura desse espa\u00e7o tem gerado para os participantes uma renda extra com a venda de kaftas e refrigerantes.<\/p>\n<p class=\"yiv8327529143MsoNormal\">\n<p class=\"yiv8327529143MsoNormal\">As mulheres da Casa Crer fabricam as kaftas e ganham R$ 0,10 por cada espeto produzido e os homens que j\u00e1 conclu\u00edram o tratamento est\u00e3o na comercializa\u00e7\u00e3o e ganham R$ 0,50 por espeto vendido.<\/p>\n<p class=\"yiv8327529143MsoNormal\">\n<p class=\"yiv8327529143MsoNormal\">A ex-dependente qu\u00edmica Patr\u00edcia Fazolin, 36, atualmente \u00e9 vice-presidente na Casa Crer e foi quem liderou a produ\u00e7\u00e3o das kaftas. \u201cEu quero agradecer Prefeitura de Palmas por ter aberto esse espa\u00e7o em que podemos trabalhar, porque o trabalho edifica a pessoa e al\u00e9m de tirar a mente das ruas, ainda gera uma renda para todos n\u00f3s\u201d, disse.<\/p>\n<p class=\"yiv8327529143MsoNormal\">\n<p class=\"yiv8327529143MsoNormal\">Fazolin aos 23 anos come\u00e7ou a traficar, passou para a bebida e depois para o\u00a0<i>crack<\/i>. Perdeu tudo e se tornou moradora de rua, em S\u00e3o Paulo, e era conhecida como a incendi\u00e1ria de Jaragu\u00e1 porque ateava fogo nas pessoas. E na \u00faltima etapa quando consumia etanol, percebeu que precisava de ajuda e veio para Palmas para iniciar o tratamento.<\/p>\n<p class=\"yiv8327529143MsoNormal\">\n<p class=\"yiv8327529143MsoNormal\">Ao chegar na Casa Crer conheceu Gismar dos Santos, 34, tamb\u00e9m na luta contra a depend\u00eancia qu\u00edmica. Enfrentaram juntos os desafios e come\u00e7aram a se relacionar. Em 22 de novembro de 2015 se casaram e atualmente lutam diariamente para ajudar na recupera\u00e7\u00e3o de outras pessoas, ela como vice-presidente da institui\u00e7\u00e3o e ele como conselheiro.<\/p>\n<p class=\"yiv8327529143MsoNormal\">\n<p class=\"yiv8327529143MsoNormal\">\u201c\u00c9 muito bom trabalhar aqui e ainda por cima poder se divertir de maneira saud\u00e1vel, ent\u00e3o ter esse momento e todo esse investimento em estrutura \u00e9 uma excelente refer\u00eancia que o munic\u00edpio est\u00e1 deixando para toda fam\u00edlia palmense\u201d, acrescentou Fazolin.<\/p>\n<p class=\"yiv8327529143MsoNormal\">\n<p class=\"yiv8327529143MsoNormal\">A coordenadora da unidade feminina da institui\u00e7\u00e3o, Karla de Freitas Barros, acredita que ter um estande no Capital da F\u00e9 foi um divisor de \u00e1guas na vida dos participantes da casa. \u201cEu acredito que o Palmas Capital da F\u00e9 pode ser resumido na palavra \u2018acreditar\u2019, acreditar nas pessoas, valorizar e respeitar, dando uma oportunidade para inseri-las\u201d, ressaltou.<\/p>\n<p class=\"yiv8327529143MsoNormal\">\n<p class=\"yiv8327529143MsoNormal\">Para a presidente da casa, Natalia Cintra, o espa\u00e7o sorteado est\u00e1 ajudando a construir vidas. \u201cN\u00e3o \u00e9 apenas um estande, aqui est\u00e1 ajudando a construir v\u00e1rias vidas, pois s\u00e3o recuperandos que n\u00e3o est\u00e3o com o tempo ocioso, ent\u00e3o de toda forma est\u00e1 ajudando no tratamento deles\u201d, completou.<\/p>\n<\/div>\n<div><\/div>\n","protected":false},"excerpt":{"rendered":"<p>A Prefeitura de Palmas concedeu cinco estandes destinados a projetos sociais de institui\u00e7\u00f5es na Vila Gastron\u00f4mica do Capital da F\u00e9 2019 e um dos box sorteados foi para a Casa Crer que \u00e9 especialista em recupera\u00e7\u00e3o e reeduca\u00e7\u00e3o de dependentes qu\u00edmicos.\u00a0 A abertura desse espa\u00e7o tem gerado para os participantes uma renda extra com a [&hellip;]<\/p>\n","protected":false},"author":2,"featured_media":2718,"comment_status":"open","ping_status":"open","sticky":false,"template":"","format":"standard","meta":[],"categories":[2,3],"tags":[],"_links":{"self":[{"href":"https:\/\/dgospel.com.br\/portal\/index.php\/wp-json\/wp\/v2\/posts\/2717"}],"collection":[{"href":"https:\/\/dgospel.com.br\/portal\/index.php\/wp-json\/wp\/v2\/posts"}],"about":[{"href":"https:\/\/dgospel.com.br\/portal\/index.php\/wp-json\/wp\/v2\/types\/post"}],"author":[{"embeddable":true,"href":"https:\/\/dgospel.com.br\/portal\/index.php\/wp-json\/wp\/v2\/users\/2"}],"replies":[{"embeddable":true,"href":"https:\/\/dgospel.com.br\/portal\/index.php\/wp-json\/wp\/v2\/comments?post=2717"}],"version-history":[{"count":1,"href":"https:\/\/dgospel.com.br\/portal\/index.php\/wp-json\/wp\/v2\/posts\/2717\/revisions"}],"predecessor-version":[{"id":2719,"href":"https:\/\/dgospel.com.br\/portal\/index.php\/wp-json\/wp\/v2\/posts\/2717\/revisions\/2719"}],"wp:featuredmedia":[{"embeddable":true,"href":"https:\/\/dgospel.com.br\/portal\/index.php\/wp-json\/wp\/v2\/media\/2718"}],"wp:attachment":[{"href":"https:\/\/dgospel.com.br\/portal\/index.php\/wp-json\/wp\/v2\/media?parent=2717"}],"wp:term":[{"taxonomy":"category","embeddable":true,"href":"https:\/\/dgospel.com.br\/portal\/index.php\/wp-json\/wp\/v2\/categories?post=2717"},{"taxonomy":"post_tag","embeddable":true,"href":"https:\/\/dgospel.com.br\/portal\/index.php\/wp-json\/wp\/v2\/tags?post=2717"}],"curies":[{"name":"wp","href":"https:\/\/api.w.org\/{rel}","templated":true}]}}