{"id":2720,"date":"2019-03-06T17:43:18","date_gmt":"2019-03-06T20:43:18","guid":{"rendered":"http:\/\/dgospel.com.br\/portal\/?p=2720"},"modified":"2019-03-06T17:43:18","modified_gmt":"2019-03-06T20:43:18","slug":"padre-fabio-de-melo-faz-show-na-quarta-noite-do-palmas-capital-da-fe","status":"publish","type":"post","link":"https:\/\/dgospel.com.br\/portal\/index.php\/2019\/03\/06\/padre-fabio-de-melo-faz-show-na-quarta-noite-do-palmas-capital-da-fe\/","title":{"rendered":"Padre F\u00e1bio de Melo faz show na quarta noite do Palmas Capital da F\u00e9"},"content":{"rendered":"<p class=\"yiv8476074947MsoNormal\">A noite de segunda-feira, 04, do Palmas Capital da F\u00e9 contar\u00e1 com cinco atra\u00e7\u00f5es cat\u00f3licas. O principal e quarto cantor a se apresentar ser\u00e1 o padre F\u00e1bio de Melo, que retorna a Palmas para transmitir mensagens de f\u00e9 e amor. Al\u00e9m das m\u00fasicas autorais e religiosas, Melo tamb\u00e9m interpreta em seus shows grandes m\u00fasicas da MPB como Bola de Meia, Bola de Gude e O que \u00e9, o que \u00e9, de Gonzaguinha.<\/p>\n<p class=\"yiv8476074947MsoNormal\">\n<p class=\"yiv8476074947MsoNormal\">Quem abre a noite \u00e9 a Banda Exaltemos da Arquidiocese de Palmas-TO, com um show de alegria, louvor, mensagem de f\u00e9 e esperan\u00e7a. A Banda Exaltemos \u00e9 coordenada pelo padre Geraldinho, no estilo Pop Rock, uma das bandas mais animadas da capital Palmas.<\/p>\n<p class=\"yiv8476074947MsoNormal\">\n<p class=\"yiv8476074947MsoNormal\">A Exaltemos \u00e9 formada por: padre Geraldinho (vocalista), Murilo Keys (teclado), Neuton Person (guitarra), Rodryenio Junior (baixo), Gustavo Lima (bateria), Jo\u00e3o Paulo Samora (guitarra-viol\u00e3o) , Sara, Clarisse e Fl\u00e1vio (beck).<\/p>\n<p class=\"yiv8476074947MsoNormal\">\n<p class=\"yiv8476074947MsoNormal\"><b>Irm\u00e3 Ana Paula<\/b><\/p>\n<p class=\"yiv8476074947MsoNormal\">\n<p class=\"yiv8476074947MsoNormal\">A segunda atra\u00e7\u00e3o da noite, Irm\u00e3 Ana Paula, \u00e9 freira pertencente ao Instituto Carmelitas Mensageiros do Esp\u00edrito Santo. Ana Paula desde muito pequena acompanhava o pai que cantava e tocava viol\u00e3o nas festas dos amigos. Quando tinha 13 anos aprendeu a tocar viol\u00e3o e come\u00e7ou a ajudar em sua par\u00f3quia. A partir da\u00ed iniciou a cantar em retiros de v\u00e1rias cidades na Diocese de S\u00e3o Mateus, no estado do Esp\u00edrito Santo.<\/p>\n<p class=\"yiv8476074947MsoNormal\">\n<p class=\"yiv8476074947MsoNormal\">\n<p class=\"yiv8476074947MsoNormal\"><b>Eliana Ribeiro<\/b><\/p>\n<p class=\"yiv8476074947MsoNormal\">A mission\u00e1ria e cantora cat\u00f3lica Eliana Ribeiro, terceira artista a subir ao palco, iniciou sua carreira em 2002 com o CD Tempo de Colheita. Em 2006 lan\u00e7ou o segundo CD com o t\u00edtulo Espera no Senhor. Em 2009, foi a vez do CD e o seu primeiro DVD, Barco a Vela.<\/p>\n<p class=\"yiv8476074947MsoNormal\">\n<p class=\"yiv8476074947MsoNormal\">Eliana Ribeiro, al\u00e9m dos shows por todo o Pa\u00eds, continuou lan\u00e7ando novos trabalhos.\u00a0 Em 2011 lan\u00e7ou o CD Oracional Encontramos o Cristo. Em 2013 o CD e DVD Saudade de Ti.\u00a0 Em 2017 apresentou os singles Conduza-me e Confian\u00e7a. Em 2018, os\u00a0<i>singles<\/i>Determinada Decis\u00e3o e Quem Como Deus.<\/p>\n<p class=\"yiv8476074947MsoNormal\">\n<p class=\"yiv8476074947MsoNormal\"><b>Jake Trevisan<\/b><\/p>\n<p class=\"yiv8476074947MsoNormal\">\n<p class=\"yiv8476074947MsoNormal\">Quem fecha a noite ser\u00e1 Jake Trevisan. Jake aos 08 anos iniciou na escolinha de viol\u00e3o, e foi ali seu primeiro contato com a m\u00fasica. A voca\u00e7\u00e3o para a m\u00fasica cresceu e durante sua trajet\u00f3ria lan\u00e7ou tr\u00eas \u00e1lbuns, Guerreira do Amor, Esperan\u00e7a e F\u00e9 na vida, al\u00e9m do\u00a0<i>single<\/i>\u00a0Brado de Vit\u00f3ria.<\/p>\n<p class=\"yiv8476074947MsoNormal\">\n","protected":false},"excerpt":{"rendered":"<p>A noite de segunda-feira, 04, do Palmas Capital da F\u00e9 contar\u00e1 com cinco atra\u00e7\u00f5es cat\u00f3licas. O principal e quarto cantor a se apresentar ser\u00e1 o padre F\u00e1bio de Melo, que retorna a Palmas para transmitir mensagens de f\u00e9 e amor. Al\u00e9m das m\u00fasicas autorais e religiosas, Melo tamb\u00e9m interpreta em seus shows grandes m\u00fasicas da [&hellip;]<\/p>\n","protected":false},"author":2,"featured_media":2721,"comment_status":"open","ping_status":"open","sticky":false,"template":"","format":"standard","meta":[],"categories":[2,3,5],"tags":[],"_links":{"self":[{"href":"https:\/\/dgospel.com.br\/portal\/index.php\/wp-json\/wp\/v2\/posts\/2720"}],"collection":[{"href":"https:\/\/dgospel.com.br\/portal\/index.php\/wp-json\/wp\/v2\/posts"}],"about":[{"href":"https:\/\/dgospel.com.br\/portal\/index.php\/wp-json\/wp\/v2\/types\/post"}],"author":[{"embeddable":true,"href":"https:\/\/dgospel.com.br\/portal\/index.php\/wp-json\/wp\/v2\/users\/2"}],"replies":[{"embeddable":true,"href":"https:\/\/dgospel.com.br\/portal\/index.php\/wp-json\/wp\/v2\/comments?post=2720"}],"version-history":[{"count":1,"href":"https:\/\/dgospel.com.br\/portal\/index.php\/wp-json\/wp\/v2\/posts\/2720\/revisions"}],"predecessor-version":[{"id":2722,"href":"https:\/\/dgospel.com.br\/portal\/index.php\/wp-json\/wp\/v2\/posts\/2720\/revisions\/2722"}],"wp:featuredmedia":[{"embeddable":true,"href":"https:\/\/dgospel.com.br\/portal\/index.php\/wp-json\/wp\/v2\/media\/2721"}],"wp:attachment":[{"href":"https:\/\/dgospel.com.br\/portal\/index.php\/wp-json\/wp\/v2\/media?parent=2720"}],"wp:term":[{"taxonomy":"category","embeddable":true,"href":"https:\/\/dgospel.com.br\/portal\/index.php\/wp-json\/wp\/v2\/categories?post=2720"},{"taxonomy":"post_tag","embeddable":true,"href":"https:\/\/dgospel.com.br\/portal\/index.php\/wp-json\/wp\/v2\/tags?post=2720"}],"curies":[{"name":"wp","href":"https:\/\/api.w.org\/{rel}","templated":true}]}}