{"id":2723,"date":"2019-03-06T17:49:59","date_gmt":"2019-03-06T20:49:59","guid":{"rendered":"http:\/\/dgospel.com.br\/portal\/?p=2723"},"modified":"2019-03-06T17:49:59","modified_gmt":"2019-03-06T20:49:59","slug":"acao-conjunta-das-forcas-de-seguranca-garante-tranquilidade-no-capital-da-fe-2019","status":"publish","type":"post","link":"https:\/\/dgospel.com.br\/portal\/index.php\/2019\/03\/06\/acao-conjunta-das-forcas-de-seguranca-garante-tranquilidade-no-capital-da-fe-2019\/","title":{"rendered":"A\u00e7\u00e3o conjunta das for\u00e7as de Seguran\u00e7a garante tranquilidade no Capital da F\u00e9 2019"},"content":{"rendered":"<div><\/div>\n<div>\n<div>\n<p class=\"yiv1125860840MsoNormal\">Com o intuito de garantir a tranquilidade do p\u00fablico durante a realiza\u00e7\u00e3o do Capital da F\u00e9 2019, as for\u00e7as de seguran\u00e7as como a Guarda Metropolitana, os agentes de Tr\u00e2nsito, Pol\u00edcia Militar, Corpo de Bombeiros, Servi\u00e7o de Atendimento M\u00f3vel de Urg\u00eancia (Samu) e os agentes do Detran &#8211; TO\u00a0 est\u00e3o trabalhando as a\u00e7\u00f5es de forma integrada.\u00a0 A programa\u00e7\u00e3o do festival finalizou a sua segunda noite sem maiores ocorr\u00eancias.<\/p>\n<p class=\"yiv1125860840MsoNormal\">\n<p class=\"yiv1125860840MsoNormal\">O subinspetor da GMP Amorim explicou como se d\u00e1 a opera\u00e7\u00e3o. \u201cEstamos trabalhando com o policiamento interno, ou seja, dentro do circuito, onde as inspe\u00e7\u00f5es ostensivas s\u00e3o realizadas a p\u00e9 e nas imedia\u00e7\u00f5es da parte externa com efetivo m\u00f3vel. Desse modo, garantimos a seguran\u00e7a do p\u00fablico, por meio de um policiamento especializado, e com o apoio da Pol\u00edcia Militar\u2019\u2019.<\/p>\n<p class=\"yiv1125860840MsoNormal\">\n<p class=\"yiv1125860840MsoNormal\">Para facilitar o acesso do p\u00fablico \u00e0 arena da Vila Ol\u00edmpica, a secretaria de Seguran\u00e7a e Mobilidade Urbana (Sesmu) refor\u00e7ou as linhas de \u00f4nibus Eix\u00e3o 010, que transita com a frequ\u00eancia a cada cinco minutos. Ainda de acordo com a Sesmu, os agentes de Tr\u00e2nsito est\u00e3o localizados em pontos estrat\u00e9gicos no circuito para garantir a fluidez das vias, al\u00e9m de fiscalizar a regularidade do transporte coletivo.<\/p>\n<\/div>\n<\/div>\n","protected":false},"excerpt":{"rendered":"<p>Com o intuito de garantir a tranquilidade do p\u00fablico durante a realiza\u00e7\u00e3o do Capital da F\u00e9 2019, as for\u00e7as de seguran\u00e7as como a Guarda Metropolitana, os agentes de Tr\u00e2nsito, Pol\u00edcia Militar, Corpo de Bombeiros, Servi\u00e7o de Atendimento M\u00f3vel de Urg\u00eancia (Samu) e os agentes do Detran &#8211; TO\u00a0 est\u00e3o trabalhando as a\u00e7\u00f5es de forma integrada.\u00a0 [&hellip;]<\/p>\n","protected":false},"author":2,"featured_media":2724,"comment_status":"open","ping_status":"open","sticky":false,"template":"","format":"standard","meta":[],"categories":[2,3,5],"tags":[],"_links":{"self":[{"href":"https:\/\/dgospel.com.br\/portal\/index.php\/wp-json\/wp\/v2\/posts\/2723"}],"collection":[{"href":"https:\/\/dgospel.com.br\/portal\/index.php\/wp-json\/wp\/v2\/posts"}],"about":[{"href":"https:\/\/dgospel.com.br\/portal\/index.php\/wp-json\/wp\/v2\/types\/post"}],"author":[{"embeddable":true,"href":"https:\/\/dgospel.com.br\/portal\/index.php\/wp-json\/wp\/v2\/users\/2"}],"replies":[{"embeddable":true,"href":"https:\/\/dgospel.com.br\/portal\/index.php\/wp-json\/wp\/v2\/comments?post=2723"}],"version-history":[{"count":1,"href":"https:\/\/dgospel.com.br\/portal\/index.php\/wp-json\/wp\/v2\/posts\/2723\/revisions"}],"predecessor-version":[{"id":2725,"href":"https:\/\/dgospel.com.br\/portal\/index.php\/wp-json\/wp\/v2\/posts\/2723\/revisions\/2725"}],"wp:featuredmedia":[{"embeddable":true,"href":"https:\/\/dgospel.com.br\/portal\/index.php\/wp-json\/wp\/v2\/media\/2724"}],"wp:attachment":[{"href":"https:\/\/dgospel.com.br\/portal\/index.php\/wp-json\/wp\/v2\/media?parent=2723"}],"wp:term":[{"taxonomy":"category","embeddable":true,"href":"https:\/\/dgospel.com.br\/portal\/index.php\/wp-json\/wp\/v2\/categories?post=2723"},{"taxonomy":"post_tag","embeddable":true,"href":"https:\/\/dgospel.com.br\/portal\/index.php\/wp-json\/wp\/v2\/tags?post=2723"}],"curies":[{"name":"wp","href":"https:\/\/api.w.org\/{rel}","templated":true}]}}