{"id":2726,"date":"2019-03-06T17:53:33","date_gmt":"2019-03-06T20:53:33","guid":{"rendered":"http:\/\/dgospel.com.br\/portal\/?p=2726"},"modified":"2019-03-06T17:53:33","modified_gmt":"2019-03-06T20:53:33","slug":"atracoes-da-terceira-noite-do-capital-da-fe-mostram-interacao-com-o-publico-em-momentos-de-fe-e-adoracao","status":"publish","type":"post","link":"https:\/\/dgospel.com.br\/portal\/index.php\/2019\/03\/06\/atracoes-da-terceira-noite-do-capital-da-fe-mostram-interacao-com-o-publico-em-momentos-de-fe-e-adoracao\/","title":{"rendered":"Atra\u00e7\u00f5es da terceira noite do Capital da F\u00e9 mostram intera\u00e7\u00e3o com o p\u00fablico em momentos de f\u00e9 e adora\u00e7\u00e3o"},"content":{"rendered":"<p class=\"yiv7592013500MsoNormal\"><span style=\"font-size: medium;\">Duas atra\u00e7\u00f5es nacionais\u00a0 levaram o\u00a0p\u00fablico da terceira noite de Capital da F\u00e9 a cantar e\u00a0adorar, Sandro Nazireu e Anderson Freire. Na Vila Ol\u00edmpica neste domingo, 03, a abertura ficou por conta da cantora evang\u00e9lica, Rosilene Martins, que subiu ao palco comemorando 20 anos de carreira. Com seus sucessos como Eu sou, Vai tudo ser, Vit\u00f3ria, Ele \u00e9 poderoso, Festa de Cristo, dentre outros, Rosilene Martins interagiu com os presentes com sua mensagem de f\u00e9 e adora\u00e7\u00e3o.<\/span><\/p>\n<p class=\"yiv7592013500MsoNormal\"><span style=\"font-size: medium;\">O servidor p\u00fablico municipal, Rog\u00e9rio Ferreira canta m\u00fasicas evang\u00e9licas desde os 13\u00a0anos de idade.\u00a0Convidado para subir ao palco, mesmo surpreso, mostrou\u00a0seu talento com as can\u00e7\u00f5es, Voz da verdade, Pense duas vezes e Perto quero estar.\u00a0\u201c\u00c9 a segunda vez que subo ao palco do Capital da F\u00e9, a convite, portanto sou muito grato pela oportunidade\u201d, disse.<\/span><\/p>\n<p class=\"yiv7592013500MsoNormal\"><span style=\"font-size: medium;\">O casal Marcondes Barros e Tain\u00e3 Fernandes, veio de Para\u00edso do Tocantins para o Capital da F\u00e9. As filhas, Rafaela Barros e Ana Julia curtiram todos os momentos dos<i>shows<\/i>.<\/span><\/p>\n<p class=\"yiv7592013500MsoNormal\"><span style=\"font-size: medium;\">Em seguida, o cantor Gil Monteiro, reconhecido como um dos maiores talentos da m\u00fasica cat\u00f3lica brasileira, fez sua apresenta\u00e7\u00e3o cantando sucessos como Se teu sangue e Mais perto.<\/span><\/p>\n<p class=\"yiv7592013500MsoNormal\"><span style=\"font-size: medium;\">Terceiro cantor a subir ao palco,\u00a0Davidson Silva, animou o p\u00fablico com suas principais can\u00e7\u00f5es. Um grupo de 30 pessoas da Comunidade Shalon cantou e louvou\u00a0 ao som de Desperta,\u00a0 Amar-te mais, Confio em ti.<\/span><\/p>\n<p class=\"yiv7592013500MsoNormal\"><span style=\"font-size: medium;\">O professor de Letras da Universidade Federal do Tocantins (UFT), Felipe Coura, estava feliz com os amigos. \u201cSa\u00edmos do retiro e aproveitamos\u00a0e vimos para c\u00e1 para louvar e cantar ao Senhor\u201d, disse.<\/span><\/p>\n<p class=\"yiv7592013500MsoNormal\"><span style=\"font-size: medium;\">J\u00e1 o cantor Sandro Nazireu, ofereceu ao p\u00fablico seu carisma, talento e muita alegria, com um estilo pr\u00f3prio. O cantor apresentou can\u00e7\u00f5es in\u00e9ditas como Sorriso de um vencedor e Deus \u00e9 top. \u00a0\u201cQuero fazer uma festa bonita e maravilhosa com a presen\u00e7a de Deus\u201d, anunciou.\u00a0 \u00a0<\/span><\/p>\n<p class=\"yiv7592013500MsoNormal\"><span style=\"font-size: medium;\">No final da noite, o cantor e pregador, Anderson Freire, uma das atra\u00e7\u00f5es mais esperada da noite, levou\u00a0uma mensagem direcionada aos jovens. \u201cEstamos vivendo um mundo sem tempo, por isso queremos que o jovem pare e se relacione com a fam\u00edlia e esteja voltado para o esp\u00edrito santo\u201d, disse.<\/span><\/p>\n<p class=\"yiv7592013500MsoNormal\"><span style=\"font-size: medium;\">Em seu repert\u00f3rio, o cantor fez o p\u00fablico entoar junto seus maiores sucessos, como Raridade, For\u00e7a e sabedoria, Ef\u00e9vios 6, For\u00e7a jovem, dentre outras.<\/span><\/p>\n<p class=\"yiv7592013500MsoNormal\"><span style=\"font-size: medium;\">A fam\u00edlia Cordeiro veio em peso de Porto Franco, no Maranh\u00e3o. A matriarca, Adrina Cordeiro de Freitas, aos 75 anos, estava cheia de disposi\u00e7\u00e3o. Acompanhada dos filhos, neto, nora e sobrinha, a professora aposentada estava feliz ao participar de mais um Capital da F\u00e9.\u00a0\u201cTodos os anos eu venho participar do Capital da F\u00e9, e assistir aos shows com minha fam\u00edlia\u201d, disse.<\/span><\/p>\n<p class=\"yiv7592013500MsoNormal\"><b><span style=\"font-size: medium;\">Limpeza P\u00fablica<\/span><\/b><\/p>\n<p class=\"yiv7592013500MsoNormal\"><span style=\"font-size: medium;\">Durante os\u00a0<i>shows,<\/i>\u00a0funcion\u00e1rios da Prefeitura de Palmas faziam a limpeza do ambiente, e o lixo\u00a0que era recolhido era\u00a0depositado nos diversos\u00a0<i>conteiners<\/i>, do Programa Coleta Palmas, localizados em pontos estrat\u00e9gicos do circuito do Capital da F\u00e9.<\/span><\/p>\n<p class=\"yiv7592013500MsoNormal\"><span style=\"font-size: medium;\">O servidor p\u00fablico, Domingos Dias,\u00a0elogiou o p\u00fablico do Capital da F\u00e9 pela conduta com a limpeza urbana. \u201cEstamos trabalhando a noite toda e vimos que as pessoas est\u00e3o colaborando com a limpeza ao jogar o lixo nos\u00a0<i>conteiners<\/i>\u201d, disse.<\/span><\/p>\n","protected":false},"excerpt":{"rendered":"<p>Duas atra\u00e7\u00f5es nacionais\u00a0 levaram o\u00a0p\u00fablico da terceira noite de Capital da F\u00e9 a cantar e\u00a0adorar, Sandro Nazireu e Anderson Freire. Na Vila Ol\u00edmpica neste domingo, 03, a abertura ficou por conta da cantora evang\u00e9lica, Rosilene Martins, que subiu ao palco comemorando 20 anos de carreira. Com seus sucessos como Eu sou, Vai tudo ser, Vit\u00f3ria, [&hellip;]<\/p>\n","protected":false},"author":2,"featured_media":2727,"comment_status":"open","ping_status":"open","sticky":false,"template":"","format":"standard","meta":[],"categories":[2,3,5],"tags":[],"_links":{"self":[{"href":"https:\/\/dgospel.com.br\/portal\/index.php\/wp-json\/wp\/v2\/posts\/2726"}],"collection":[{"href":"https:\/\/dgospel.com.br\/portal\/index.php\/wp-json\/wp\/v2\/posts"}],"about":[{"href":"https:\/\/dgospel.com.br\/portal\/index.php\/wp-json\/wp\/v2\/types\/post"}],"author":[{"embeddable":true,"href":"https:\/\/dgospel.com.br\/portal\/index.php\/wp-json\/wp\/v2\/users\/2"}],"replies":[{"embeddable":true,"href":"https:\/\/dgospel.com.br\/portal\/index.php\/wp-json\/wp\/v2\/comments?post=2726"}],"version-history":[{"count":1,"href":"https:\/\/dgospel.com.br\/portal\/index.php\/wp-json\/wp\/v2\/posts\/2726\/revisions"}],"predecessor-version":[{"id":2728,"href":"https:\/\/dgospel.com.br\/portal\/index.php\/wp-json\/wp\/v2\/posts\/2726\/revisions\/2728"}],"wp:featuredmedia":[{"embeddable":true,"href":"https:\/\/dgospel.com.br\/portal\/index.php\/wp-json\/wp\/v2\/media\/2727"}],"wp:attachment":[{"href":"https:\/\/dgospel.com.br\/portal\/index.php\/wp-json\/wp\/v2\/media?parent=2726"}],"wp:term":[{"taxonomy":"category","embeddable":true,"href":"https:\/\/dgospel.com.br\/portal\/index.php\/wp-json\/wp\/v2\/categories?post=2726"},{"taxonomy":"post_tag","embeddable":true,"href":"https:\/\/dgospel.com.br\/portal\/index.php\/wp-json\/wp\/v2\/tags?post=2726"}],"curies":[{"name":"wp","href":"https:\/\/api.w.org\/{rel}","templated":true}]}}