{"id":2729,"date":"2019-03-06T17:56:20","date_gmt":"2019-03-06T20:56:20","guid":{"rendered":"http:\/\/dgospel.com.br\/portal\/?p=2729"},"modified":"2019-03-06T17:56:20","modified_gmt":"2019-03-06T20:56:20","slug":"noite-evangelica-encerra-o-palmas-capital-da-fe-com-aline-barros-e-pregador-luo","status":"publish","type":"post","link":"https:\/\/dgospel.com.br\/portal\/index.php\/2019\/03\/06\/noite-evangelica-encerra-o-palmas-capital-da-fe-com-aline-barros-e-pregador-luo\/","title":{"rendered":"Noite evang\u00e9lica encerra o Palmas Capital da F\u00e9, com Aline Barros e Pregador Luo"},"content":{"rendered":"<p class=\"yiv7313296515MsoNormal\">O\u00a0<i>rapper\u00a0<\/i>gospel Pregador Luo e a cantora Aline Barros comandar\u00e3o a \u00faltima noite do Capital da F\u00e9, nesta ter\u00e7a-feira, 05.\u00a0 O Festival de M\u00fasica Gospel acontece a partir das 19 horas, na Vila Ol\u00edmpica, localizada na Avenida Teot\u00f4nio Segurado. Antes das principais atra\u00e7\u00f5es, o Capital da F\u00e9 conta com tr\u00eas apresenta\u00e7\u00f5es, sendo um\u00a0<i>Flash Mob<\/i>, a Orquestra Municipal e o coral Kemuel.<\/p>\n<p class=\"yiv7313296515MsoNormal\">O coral crist\u00e3o Kemuel nasceu com influ\u00eancias do gospel norte americano e da m\u00fasica crist\u00e3 contempor\u00e2nea e sob a lideran\u00e7a do pastor David Marx, tem se destacado no meio gospel, sendo considerado um dos mais relevantes grupos vocais do cen\u00e1rio crist\u00e3o no Brasil. O coral j\u00e1 passou por v\u00e1rias forma\u00e7\u00f5es e atualmente conta com oito cantores, entre sopranos, contraltos e tenores. O grupo j\u00e1 lan\u00e7ou quatro\u00a0<i>CDs<\/i>\u00a0e atualmente assinou contrato com a Sony Music.<\/p>\n<p class=\"yiv7313296515MsoNormal\"><b>Pregador Luo<\/b><\/p>\n<p class=\"yiv7313296515MsoNormal\">Luo \u00e9 paulistano, l\u00edder e fundador do grupo Apocalipse 16 e propriet\u00e1rio do selo independente 7 Ta\u00e7as, pelo qual lan\u00e7ou seus 13 t\u00edtulos. Com 25 anos de carreira, Luo lan\u00e7ou seu 16\u00ba \u00e1lbum, Governe.<\/p>\n<p class=\"yiv7313296515MsoNormal\">Em seus \u00e1lbuns, Pregador Luo aborda conte\u00fados espirituais, motivacionais e atuais. Os temas de sua obra s\u00e3o religi\u00e3o, pol\u00edtica, esporte, respeito \u00e0s mulheres, a valoriza\u00e7\u00e3o da cultura afro e latino-americana.<\/p>\n<p class=\"yiv7313296515MsoNormal\"><b>Aline Barros<\/b><\/p>\n<p class=\"yiv7313296515MsoNormal\">Aline \u00e9 uma cantora, pastora de m\u00fasica crist\u00e3 contempor\u00e2nea. Empres\u00e1ria brasileira, tendo mais de 20 anos de carreira, j\u00e1 vendeu mais de 15 milh\u00f5es de discos, sendo certificada pela\u00a0\u00a0Pro-M\u00fasica Brasil (ABPD) com v\u00e1rios discos de ouro, platina e diamante.<\/p>\n<p class=\"yiv7313296515MsoNormal\">A carism\u00e1tica cantora carioca \u00e9 refer\u00eancia na m\u00fasica gospel nacional e reconhecida internacionalmente com pr\u00eamios como Trof\u00e9us Talento, Grammys Latinos, Dove Awards, Trof\u00e9u Promessas e Brazilian International Press Award.<\/p>\n","protected":false},"excerpt":{"rendered":"<p>O\u00a0rapper\u00a0gospel Pregador Luo e a cantora Aline Barros comandar\u00e3o a \u00faltima noite do Capital da F\u00e9, nesta ter\u00e7a-feira, 05.\u00a0 O Festival de M\u00fasica Gospel acontece a partir das 19 horas, na Vila Ol\u00edmpica, localizada na Avenida Teot\u00f4nio Segurado. Antes das principais atra\u00e7\u00f5es, o Capital da F\u00e9 conta com tr\u00eas apresenta\u00e7\u00f5es, sendo um\u00a0Flash Mob, a Orquestra [&hellip;]<\/p>\n","protected":false},"author":2,"featured_media":2730,"comment_status":"open","ping_status":"open","sticky":false,"template":"","format":"standard","meta":[],"categories":[2,3,5],"tags":[],"_links":{"self":[{"href":"https:\/\/dgospel.com.br\/portal\/index.php\/wp-json\/wp\/v2\/posts\/2729"}],"collection":[{"href":"https:\/\/dgospel.com.br\/portal\/index.php\/wp-json\/wp\/v2\/posts"}],"about":[{"href":"https:\/\/dgospel.com.br\/portal\/index.php\/wp-json\/wp\/v2\/types\/post"}],"author":[{"embeddable":true,"href":"https:\/\/dgospel.com.br\/portal\/index.php\/wp-json\/wp\/v2\/users\/2"}],"replies":[{"embeddable":true,"href":"https:\/\/dgospel.com.br\/portal\/index.php\/wp-json\/wp\/v2\/comments?post=2729"}],"version-history":[{"count":1,"href":"https:\/\/dgospel.com.br\/portal\/index.php\/wp-json\/wp\/v2\/posts\/2729\/revisions"}],"predecessor-version":[{"id":2731,"href":"https:\/\/dgospel.com.br\/portal\/index.php\/wp-json\/wp\/v2\/posts\/2729\/revisions\/2731"}],"wp:featuredmedia":[{"embeddable":true,"href":"https:\/\/dgospel.com.br\/portal\/index.php\/wp-json\/wp\/v2\/media\/2730"}],"wp:attachment":[{"href":"https:\/\/dgospel.com.br\/portal\/index.php\/wp-json\/wp\/v2\/media?parent=2729"}],"wp:term":[{"taxonomy":"category","embeddable":true,"href":"https:\/\/dgospel.com.br\/portal\/index.php\/wp-json\/wp\/v2\/categories?post=2729"},{"taxonomy":"post_tag","embeddable":true,"href":"https:\/\/dgospel.com.br\/portal\/index.php\/wp-json\/wp\/v2\/tags?post=2729"}],"curies":[{"name":"wp","href":"https:\/\/api.w.org\/{rel}","templated":true}]}}