{"id":273,"date":"2018-05-21T09:13:18","date_gmt":"2018-05-21T12:13:18","guid":{"rendered":"http:\/\/dgospel.com.br\/portal\/?p=273"},"modified":"2018-05-21T09:13:18","modified_gmt":"2018-05-21T12:13:18","slug":"familias-lotam-piquenique-de-aniversario-de-palmas-no-parque-dos-povos-indigenas","status":"publish","type":"post","link":"https:\/\/dgospel.com.br\/portal\/index.php\/2018\/05\/21\/familias-lotam-piquenique-de-aniversario-de-palmas-no-parque-dos-povos-indigenas\/","title":{"rendered":"Fam\u00edlias lotam piquenique de anivers\u00e1rio de Palmas no Parque dos Povos Ind\u00edgenas"},"content":{"rendered":"<p>Dezenas de fam\u00edlias compareceram \u00e0 celebra\u00e7\u00e3o de anivers\u00e1rio de 29 anos de Palmas, na manh\u00e3 deste domingo, 20, no Parque dos Povos Ind\u00edgenas (PPI).\u00a0 A programa\u00e7\u00e3o incluiu culto ecum\u00eanico e m\u00fasica ao vivo da Banda da Guarda Metropolitana e da Banda Marcial do Ex\u00e9rcito Brasileiro, que trouxe m\u00fasicas brasileiras e marchas com evolu\u00e7\u00f5es, o que fez com que o p\u00fablico acompanhasse a apresenta\u00e7\u00e3o pelo parque.<\/p>\n<p>&nbsp;<\/p>\n<p>&#8220;J\u00e1 tinha vindo aqui fazer piquenique com os meninos porque \u00e9 um espa\u00e7o bom para aproveitar e deixar eles longe do celular e da TV. Quando vi no Facebook o convite para vir aqui para o anivers\u00e1rio assim, achei o m\u00e1ximo&#8221;, disse a manicure Nersy da Silva Siqueira, que participou acompanhada dos filhos Guilherme, 9 anos, e Gustavo, 4 anos.<\/p>\n<p>&nbsp;<\/p>\n<p>Os elogios s\u00e3o fruto do capricho com que o parque foi decorado para o piquenique coletivo, incluindo desde as tradicionais toalhas xadrez, enfeites de papel, flores em cestas de palha de buriti e gibis e fotografias da cidade pendurados em galhos de \u00e1rvores para criar cantinhos de leitura para os visitantes. &#8220;Trouxemos essa proposta de um piquenique r\u00fastico pensando em atrair as fam\u00edlias e as deixarem confort\u00e1veis para ocuparem esse espa\u00e7o&#8221;, disse o presidente da Funda\u00e7\u00e3o Cultural de Palmas, Giovanni Assis.<\/p>\n<p>&nbsp;<\/p>\n<p>Antes do tradicional corte de bolo, a prefeita Cinthia Ribeiro agradeceu ao Quartetto Supermercados pela parceria na confec\u00e7\u00e3o do bolo e dos 1.200 peda\u00e7os de bolo gelado distribu\u00eddos aos presentes em cestas produzidas por artes\u00e3os de Taquaru\u00e7u. O casal de pioneiros da cidade Maria Ivone de Andrade, 69, e Manoel Alves Ferreira, 78, chamou a aten\u00e7\u00e3o tirando fotos pr\u00f3ximo ao bolo. &#8220;Todo ano a gente participa do anivers\u00e1rio de Palmas. Tenho muitas fotos guardadas de v\u00e1rios anos. Para gente \u00e9 celebrar a cidade que a gente viu nascer&#8221;, disse dona Maria Ivone.<\/p>\n<p>&nbsp;<\/p>\n<p>O orgulho pela Capital de 29 anos foi ressaltado pela prefeita Cinthia Ribeiro. &#8220;Palmas j\u00e1 avan\u00e7ou muito em infraestrutura e em indicadores sociais e econ\u00f4micos importantes. Agora a cidade vivenciar\u00e1 com certeza crescimento com inova\u00e7\u00e3o e tendo as pessoas como principal foco do desenvolvimento. Caminhamos para um per\u00edodo de maturidade dessa cidade, que \u00e9 rica por ter sido feita pelo esfor\u00e7o de muitos que escolheram essa terra para viver&#8221;, declarou a prefeita.<\/p>\n<p>&nbsp;<\/p>\n","protected":false},"excerpt":{"rendered":"<p>Dezenas de fam\u00edlias compareceram \u00e0 celebra\u00e7\u00e3o de anivers\u00e1rio de 29 anos de Palmas, na manh\u00e3 deste domingo, 20, no Parque dos Povos Ind\u00edgenas (PPI).\u00a0 A programa\u00e7\u00e3o incluiu culto ecum\u00eanico e m\u00fasica ao vivo da Banda da Guarda Metropolitana e da Banda Marcial do Ex\u00e9rcito Brasileiro, que trouxe m\u00fasicas brasileiras e marchas com evolu\u00e7\u00f5es, o que [&hellip;]<\/p>\n","protected":false},"author":2,"featured_media":274,"comment_status":"open","ping_status":"open","sticky":false,"template":"","format":"standard","meta":[],"categories":[2,3,10],"tags":[],"_links":{"self":[{"href":"https:\/\/dgospel.com.br\/portal\/index.php\/wp-json\/wp\/v2\/posts\/273"}],"collection":[{"href":"https:\/\/dgospel.com.br\/portal\/index.php\/wp-json\/wp\/v2\/posts"}],"about":[{"href":"https:\/\/dgospel.com.br\/portal\/index.php\/wp-json\/wp\/v2\/types\/post"}],"author":[{"embeddable":true,"href":"https:\/\/dgospel.com.br\/portal\/index.php\/wp-json\/wp\/v2\/users\/2"}],"replies":[{"embeddable":true,"href":"https:\/\/dgospel.com.br\/portal\/index.php\/wp-json\/wp\/v2\/comments?post=273"}],"version-history":[{"count":1,"href":"https:\/\/dgospel.com.br\/portal\/index.php\/wp-json\/wp\/v2\/posts\/273\/revisions"}],"predecessor-version":[{"id":275,"href":"https:\/\/dgospel.com.br\/portal\/index.php\/wp-json\/wp\/v2\/posts\/273\/revisions\/275"}],"wp:featuredmedia":[{"embeddable":true,"href":"https:\/\/dgospel.com.br\/portal\/index.php\/wp-json\/wp\/v2\/media\/274"}],"wp:attachment":[{"href":"https:\/\/dgospel.com.br\/portal\/index.php\/wp-json\/wp\/v2\/media?parent=273"}],"wp:term":[{"taxonomy":"category","embeddable":true,"href":"https:\/\/dgospel.com.br\/portal\/index.php\/wp-json\/wp\/v2\/categories?post=273"},{"taxonomy":"post_tag","embeddable":true,"href":"https:\/\/dgospel.com.br\/portal\/index.php\/wp-json\/wp\/v2\/tags?post=273"}],"curies":[{"name":"wp","href":"https:\/\/api.w.org\/{rel}","templated":true}]}}