{"id":2732,"date":"2019-03-06T17:58:28","date_gmt":"2019-03-06T20:58:28","guid":{"rendered":"http:\/\/dgospel.com.br\/portal\/?p=2732"},"modified":"2019-03-06T17:58:28","modified_gmt":"2019-03-06T20:58:28","slug":"shows-emocionam-e-marcam-o-encerramento-do-capital-da-fe-2019","status":"publish","type":"post","link":"https:\/\/dgospel.com.br\/portal\/index.php\/2019\/03\/06\/shows-emocionam-e-marcam-o-encerramento-do-capital-da-fe-2019\/","title":{"rendered":"Shows emocionam e marcam o encerramento do Capital da F\u00e9 2019"},"content":{"rendered":"<p class=\"yiv0998585825MsoNormal\">No \u00faltimo dia de programa\u00e7\u00e3o do Palmas Capital da F\u00e9 2019, realizado nesta ter\u00e7a-feira, 5, mais de 15 mil pessoas cantaram e louvaram na Vila Ol\u00edmpica, ao lado do Est\u00e1dio Nilton Santos, ao som de artistas locais como\u00a0Luiza Ara\u00fajo,Deborah Senna, Flash Mobb e das atra\u00e7\u00f5es nacionais Aline Barros, Pregador Luo e Coral Kemuel.<\/p>\n<p class=\"yiv0998585825MsoNormal\">Quem n\u00e3o conseguiu ir at\u00e9 o local tamb\u00e9m n\u00e3o deixou de participar da festa e acompanhou cada detalhe do Capital da F\u00e9 pela internet, com a transmiss\u00e3o ao vivo do evento pelo Facebook. Durante as cinco noites do evento, do dia 1\u00ba a 5 de mar\u00e7o, mais de 170 mil pessoas acompanharam ficaram conectadas.<\/p>\n<p class=\"yiv0998585825MsoNormal\">\u201c\u00c9 com muita satisfa\u00e7\u00e3o e alegria que encerramos este evento grandioso. Tivemos aqui diversas atra\u00e7\u00f5es crist\u00e3s num espa\u00e7o onde as fam\u00edlias palmenses puderam participar de um evento pac\u00edfico, com o lema \u201cA favor da Vida\u201d, que valoriza a vida das pessoas e, a import\u00e2ncia das nossas rela\u00e7\u00f5es com a fam\u00edlia, a import\u00e2ncia dos nossos la\u00e7os de carinho e amor ao pr\u00f3ximo, ao nosso irm\u00e3o\u201d destacou a prefeita Cinthia Ribeiro, que acompanhou as atra\u00e7\u00f5es da \u00faltima noite.<\/p>\n<p class=\"yiv0998585825MsoNormal\">Muitas caravanas de cidades vizinhas chegaram no final da tarde na arena montada na Vila Ol\u00edmpica para o Capital da F\u00e9. Caso de um grupo de amigos que vieram em uma excurs\u00e3o de Porto Nacional e chegaram bem cedo ao local. \u201cA gente j\u00e1 veio nas edi\u00e7\u00f5es anteriores e gostamos muito. Por isso sempre nos organizamos para vir todos os anos. Esta \u00e9 a terceira noite que participamos da edi\u00e7\u00e3o 2019\u201d, contou a jovem Nat\u00e1lia Silva que \u00e9 evang\u00e9lica da Assembleia de Deus Minist\u00e9rio de An\u00e1polis.<\/p>\n<p class=\"yiv0998585825MsoNormal\"><b>Shows<\/b><\/p>\n<p class=\"yiv0998585825MsoNormal\">A apresenta\u00e7\u00e3o do coral Kemuel fez o p\u00fablico cantar e se soltar ao som de belas can\u00e7\u00f5es crist\u00e3s. \u201cCantar \u00e9 uma forma de adorar a Deus. Nossa m\u00fasica \u00e9 a maneira que encontramos de levar a palavra de Deus e evangelizar. Lembramos ao nosso p\u00fablico que o Evangelho \u00e9 vivido no pr\u00f3ximo, temos que nos ajudar para alcan\u00e7ar as gra\u00e7as\u201d, destacou David Marx, integrante do Coral.<\/p>\n<p class=\"yiv0998585825MsoNormal\">A palavra Kemuel vem da l\u00edngua hebraica e significa Congrega\u00e7\u00e3o de Deus. Atualmente o grupo \u00e9 formado pelo pastor David Marx, Heric Tolentino, Beresix, Eliane Marx, Priscila Olly e Ludimila Moreira.<\/p>\n<p class=\"yiv0998585825MsoNormal\">As batidas fortes do hip hop marcaram a apresenta\u00e7\u00e3o do\u00a0rapper\u00a0gospel Pregador Luo. \u201cEu adorei a apresenta\u00e7\u00e3o do Pregador Luo, ainda n\u00e3o o conhecia e achei sua m\u00fasica muito forte e, jovem ao mesmo tempo. D\u00e1 vontade de lutar pela vida, de arrega\u00e7ar as mangas e buscar a vit\u00f3ria\u201d, explica a estudante Dayane Aguiar que \u00e9 evang\u00e9lica e veio para o evento acompanhada do irm\u00e3o Levi para curtir a \u00faltima noite do Capital da F\u00e9.<\/p>\n<p class=\"yiv0998585825MsoNormal\">Durante sua apresenta\u00e7\u00e3o o cantor convidou os presentes para fazerem ora\u00e7\u00f5es e preces. \u201cVamos orar por todos os nossos familiares e amigos que hoje est\u00e3o em outros eventos, ou doentes, vamos pedir a Deus, prote\u00e7\u00e3o e cura para os males do corpo e da alma\u201d, pediu Luo.<\/p>\n<p class=\"yiv0998585825MsoNormal\">A cantora Aline Barros fechou o Capital da F\u00e9 2019 com uma apresenta\u00e7\u00e3o contagiante e cheia de energia. A artista cantou hits que marcaram a sua carreira como \u201cFico Feliz\u201d e\u00a0\u201cHomenzinho Torto\u201d. Aline j\u00e1 vendeu mais de\u00a015 milh\u00f5es de discos, ganhou discos de ouro, platina e diamante e pr\u00eamios internacionais como o\u00a0Grammy Latino, Dove Awards e Brazilian International Press Award. \u201c\u00c9 uma honra participar de uma festa t\u00e3o bonita, com tantas crian\u00e7as, tantas fam\u00edlias e jovens, reunidos para adorar ao Senhor Jesus\u201d salientou a artista.<\/p>\n","protected":false},"excerpt":{"rendered":"<p>No \u00faltimo dia de programa\u00e7\u00e3o do Palmas Capital da F\u00e9 2019, realizado nesta ter\u00e7a-feira, 5, mais de 15 mil pessoas cantaram e louvaram na Vila Ol\u00edmpica, ao lado do Est\u00e1dio Nilton Santos, ao som de artistas locais como\u00a0Luiza Ara\u00fajo,Deborah Senna, Flash Mobb e das atra\u00e7\u00f5es nacionais Aline Barros, Pregador Luo e Coral Kemuel. Quem n\u00e3o [&hellip;]<\/p>\n","protected":false},"author":2,"featured_media":2733,"comment_status":"open","ping_status":"open","sticky":false,"template":"","format":"standard","meta":[],"categories":[2,3,5],"tags":[],"_links":{"self":[{"href":"https:\/\/dgospel.com.br\/portal\/index.php\/wp-json\/wp\/v2\/posts\/2732"}],"collection":[{"href":"https:\/\/dgospel.com.br\/portal\/index.php\/wp-json\/wp\/v2\/posts"}],"about":[{"href":"https:\/\/dgospel.com.br\/portal\/index.php\/wp-json\/wp\/v2\/types\/post"}],"author":[{"embeddable":true,"href":"https:\/\/dgospel.com.br\/portal\/index.php\/wp-json\/wp\/v2\/users\/2"}],"replies":[{"embeddable":true,"href":"https:\/\/dgospel.com.br\/portal\/index.php\/wp-json\/wp\/v2\/comments?post=2732"}],"version-history":[{"count":1,"href":"https:\/\/dgospel.com.br\/portal\/index.php\/wp-json\/wp\/v2\/posts\/2732\/revisions"}],"predecessor-version":[{"id":2734,"href":"https:\/\/dgospel.com.br\/portal\/index.php\/wp-json\/wp\/v2\/posts\/2732\/revisions\/2734"}],"wp:featuredmedia":[{"embeddable":true,"href":"https:\/\/dgospel.com.br\/portal\/index.php\/wp-json\/wp\/v2\/media\/2733"}],"wp:attachment":[{"href":"https:\/\/dgospel.com.br\/portal\/index.php\/wp-json\/wp\/v2\/media?parent=2732"}],"wp:term":[{"taxonomy":"category","embeddable":true,"href":"https:\/\/dgospel.com.br\/portal\/index.php\/wp-json\/wp\/v2\/categories?post=2732"},{"taxonomy":"post_tag","embeddable":true,"href":"https:\/\/dgospel.com.br\/portal\/index.php\/wp-json\/wp\/v2\/tags?post=2732"}],"curies":[{"name":"wp","href":"https:\/\/api.w.org\/{rel}","templated":true}]}}