{"id":2735,"date":"2019-03-07T13:41:17","date_gmt":"2019-03-07T16:41:17","guid":{"rendered":"http:\/\/dgospel.com.br\/portal\/?p=2735"},"modified":"2019-03-07T13:41:17","modified_gmt":"2019-03-07T16:41:17","slug":"governador-carlesse-comanda-reuniao-integrada-de-secretarios-visando-solucoes-para-a-saude","status":"publish","type":"post","link":"https:\/\/dgospel.com.br\/portal\/index.php\/2019\/03\/07\/governador-carlesse-comanda-reuniao-integrada-de-secretarios-visando-solucoes-para-a-saude\/","title":{"rendered":"Governador Carlesse comanda reuni\u00e3o integrada de secret\u00e1rios visando solu\u00e7\u00f5es para a Sa\u00fade"},"content":{"rendered":"<p>O governador do Estado do Tocantins, Mauro Carlesse, retomou a agenda oficial j\u00e1 no in\u00edcio da tarde desta quarta-feira (de cinzas), 6, e convocou o secret\u00e1rio de Estado da Sa\u00fade, Renato Jayme, e tamb\u00e9m secret\u00e1rios de outras pastas para uma discuss\u00e3o conjunta em busca de solu\u00e7\u00f5es para as quest\u00f5es da Sa\u00fade. A reuni\u00e3o ocorreu durante toda a tarde e s\u00f3 terminou no in\u00edcio da noite, no Pal\u00e1cio Araguaia, em\u00a0 Palmas.<\/p>\n<p>\u201cEsta \u00e9 uma reuni\u00e3o integrada, pois v\u00e1rias secretarias t\u00eam condi\u00e7\u00f5es de ajudar a solucionar os problemas da Sa\u00fade. Tanto na parte de Seguran\u00e7a, evitando acidentes de tr\u00e2nsito, como na Educa\u00e7\u00e3o que pode realizar acompanhamento e orienta\u00e7\u00e3o, a Infraestrutura pode agilizar a conclus\u00e3o de obras como a do centro cir\u00fargico do Hospital Geral de Palmas (HGP), a Administra\u00e7\u00e3o averiguando a situa\u00e7\u00e3o dos contratos de trabalho. Enfim, todos t\u00eam uma parcela de contribui\u00e7\u00e3o e precisamos fortalecer a Sa\u00fade do Estado para resolver esses problemas e melhorar a qualidade no atendimento\u201d, disse o governador.<\/p>\n<p>A primeira determina\u00e7\u00e3o do governador, j\u00e1 cobrando uma solu\u00e7\u00e3o imediata, \u00e9 sobre a qualidade da alimenta\u00e7\u00e3o fornecida nos hospitais da regi\u00e3o sul do Estado. O governador Mauro Carlesse concedeu 24 horas para que a empresa fornecedora da alimenta\u00e7\u00e3o adeque seu produto ao estabelecido em contrato, sob pena de cancelamento da contrata\u00e7\u00e3o e a convoca\u00e7\u00e3o da pr\u00f3xima classificada na licita\u00e7\u00e3o.<\/p>\n<p>Em seguida, ficou definido que a Secretaria da Sa\u00fade apresentar\u00e1 um levantamento de todas as demandas referentes ao abastecimento dos hospitais. A determina\u00e7\u00e3o do governador \u00e9 que todos os entraves burocr\u00e1ticos que impedem o abastecimento estejam resolvidos em 10 dias, incluindo pagamentos e solu\u00e7\u00f5es com aos fornecedores de medicamentos.<\/p>\n<p>Em rela\u00e7\u00e3o aos atendimentos m\u00e9dicos, o Governo do Estado espera por fim \u00e0 discuss\u00e3o sobre a jornada de trabalho e pretende apresentar uma nova alternativa nos pr\u00f3ximos dias. Da mesma forma, o governador Mauro Carlesse j\u00e1 determinou que o Estado pague melhores sal\u00e1rios para m\u00e9dicos especialistas, visando valorizar melhor os profissionais que j\u00e1 atuam no Tocantins e tamb\u00e9m atrair novos para trabalhar nos hospitais da Capital e do interior.<\/p>\n<p>Outra decis\u00e3o j\u00e1 tomada na reuni\u00e3o, \u00e9 que a Procuradoria Geral do Estado ir\u00e1 designar um procurador para atuar dentro da Secretaria da Sa\u00fade, na an\u00e1lise dos processos jur\u00eddicos visando reduzir os entraves burocr\u00e1ticos que retardam o abastecimento dos hospitais.<\/p>\n<p>Pauta tamb\u00e9m discutida na reuni\u00e3o, foi a possibilidade de descentraliza\u00e7\u00e3o da gest\u00e3o dos hospitais regionais. A medida visa dar maior autonomia \u00e0s unidades, agilizando a solu\u00e7\u00e3o de problemas pontuais e evitando que tais demandas prejudiquem os atendimentos nas demais unidades. Esta medida passar\u00e1 por an\u00e1lise jur\u00eddica.<\/p>\n<p>Ao secret\u00e1rio da Infraestrutura, Renato de Assun\u00e7\u00e3o, o governador Mauro Carlesse determinou que seja agilizada a conclus\u00e3o das obras do centro cir\u00fargico do Hospital Geral de Palmas.<\/p>\n<p><strong>Opera Tocantins<\/strong><\/p>\n<p>Outra medida visando amenizar os problemas da Sa\u00fade, \u00e9 a reativa\u00e7\u00e3o do programa Opera Tocantins. O governador pretende que o programa volte a realizar cirurgias ainda neste m\u00eas de mar\u00e7o, sendo que o Governo j\u00e1 estuda a forma de remunera\u00e7\u00e3o dos profissionais que estar\u00e3o envolvidos nesta etapa do programa.<\/p>\n<p>Outra defini\u00e7\u00e3o desta reuni\u00e3o \u00e9 que toda segunda-feira haver\u00e1 uma reuni\u00e3o tem\u00e1tica entre o governador e secret\u00e1rios, sendo a Sa\u00fade a prioridade. Decis\u00f5es ser\u00e3o encaminhadas at\u00e9 que a situa\u00e7\u00e3o esteja normalizada.<\/p>\n<p><strong>Presentes<\/strong><\/p>\n<p>Tamb\u00e9m participaram da reuni\u00e3o, a secret\u00e1ria da Educa\u00e7\u00e3o, Juventude e Esportes, Adriana Aguiar; o secret\u00e1rio da Infraestrutura, Renato de Assun\u00e7\u00e3o; o secret\u00e1rio da Casa Civil, Rolf Vidal; o secret\u00e1rio da Administra\u00e7\u00e3o, Edson Cabral; o comandante-geral da Pol\u00edcia Militar, coronel Jaizon Veras; o secret\u00e1rio da Casa Militar, tenente coronel Silva Neto; o secret\u00e1rio da Comunica\u00e7\u00e3o, Jo\u00e3o Neto; o procurador-geral do Estado, Nivair Borges; a secret\u00e1ria-executiva da Governadoria, Juliana Passarin; e o chefe de gabinete do Governador, Divino Alan Siqueira.<\/p>\n","protected":false},"excerpt":{"rendered":"<p>O governador do Estado do Tocantins, Mauro Carlesse, retomou a agenda oficial j\u00e1 no in\u00edcio da tarde desta quarta-feira (de cinzas), 6, e convocou o secret\u00e1rio de Estado da Sa\u00fade, Renato Jayme, e tamb\u00e9m secret\u00e1rios de outras pastas para uma discuss\u00e3o conjunta em busca de solu\u00e7\u00f5es para as quest\u00f5es da Sa\u00fade. A reuni\u00e3o ocorreu durante [&hellip;]<\/p>\n","protected":false},"author":2,"featured_media":2736,"comment_status":"open","ping_status":"open","sticky":false,"template":"","format":"standard","meta":[],"categories":[2,4],"tags":[],"_links":{"self":[{"href":"https:\/\/dgospel.com.br\/portal\/index.php\/wp-json\/wp\/v2\/posts\/2735"}],"collection":[{"href":"https:\/\/dgospel.com.br\/portal\/index.php\/wp-json\/wp\/v2\/posts"}],"about":[{"href":"https:\/\/dgospel.com.br\/portal\/index.php\/wp-json\/wp\/v2\/types\/post"}],"author":[{"embeddable":true,"href":"https:\/\/dgospel.com.br\/portal\/index.php\/wp-json\/wp\/v2\/users\/2"}],"replies":[{"embeddable":true,"href":"https:\/\/dgospel.com.br\/portal\/index.php\/wp-json\/wp\/v2\/comments?post=2735"}],"version-history":[{"count":1,"href":"https:\/\/dgospel.com.br\/portal\/index.php\/wp-json\/wp\/v2\/posts\/2735\/revisions"}],"predecessor-version":[{"id":2737,"href":"https:\/\/dgospel.com.br\/portal\/index.php\/wp-json\/wp\/v2\/posts\/2735\/revisions\/2737"}],"wp:featuredmedia":[{"embeddable":true,"href":"https:\/\/dgospel.com.br\/portal\/index.php\/wp-json\/wp\/v2\/media\/2736"}],"wp:attachment":[{"href":"https:\/\/dgospel.com.br\/portal\/index.php\/wp-json\/wp\/v2\/media?parent=2735"}],"wp:term":[{"taxonomy":"category","embeddable":true,"href":"https:\/\/dgospel.com.br\/portal\/index.php\/wp-json\/wp\/v2\/categories?post=2735"},{"taxonomy":"post_tag","embeddable":true,"href":"https:\/\/dgospel.com.br\/portal\/index.php\/wp-json\/wp\/v2\/tags?post=2735"}],"curies":[{"name":"wp","href":"https:\/\/api.w.org\/{rel}","templated":true}]}}