{"id":2742,"date":"2019-03-08T08:54:04","date_gmt":"2019-03-08T11:54:04","guid":{"rendered":"http:\/\/dgospel.com.br\/portal\/?p=2742"},"modified":"2019-03-08T08:54:04","modified_gmt":"2019-03-08T11:54:04","slug":"governador-carlesse-determina-conclusao-de-escolas-de-tempo-integral-ate-o-fim-de-2019","status":"publish","type":"post","link":"https:\/\/dgospel.com.br\/portal\/index.php\/2019\/03\/08\/governador-carlesse-determina-conclusao-de-escolas-de-tempo-integral-ate-o-fim-de-2019\/","title":{"rendered":"Governador Carlesse determina conclus\u00e3o de Escolas de Tempo Integral at\u00e9 o fim de 2019"},"content":{"rendered":"<p>O governador do Estado do Tocantins, Mauro Carlesse, coordenou mais uma reuni\u00e3o tem\u00e1tica na tarde desta quinta-feira, 7, no Pal\u00e1cio Araguaia, em Palmas. Desta vez a pasta discutida foi a Educa\u00e7\u00e3o. Retomada de obras, climatiza\u00e7\u00e3o de escolas, transporte escolar, qualidade da merenda \u00a0e a cess\u00e3o e compartilhamento de pr\u00e9dios da Educa\u00e7\u00e3o foram os itens debatidos.<\/p>\n<p>O primeiro assunto da pauta foi a conclus\u00e3o das obras das seis escolas de tempo integral, iniciadas ainda na gest\u00e3o 2011\/2014. Para a conclus\u00e3o dessas obras, ser\u00e1 necess\u00e1rio o aporte de R$ 14 milh\u00f5es em contrapartidas do Estado. O governador Mauro Carlesse j\u00e1 assegurou os recursos e as obras ser\u00e3o retomadas. \u00a0\u201cEssa situa\u00e7\u00e3o da falta de contrapartida est\u00e1 resolvida. Com a redu\u00e7\u00e3o de despesas, o Estado j\u00e1 tem os recursos para retomar as obras. Nossa meta \u00e9 concluir essas seis escolas at\u00e9 o fim deste ano e vamos cumprir\u201d, disse o Governador. Al\u00e9m das escolas de tempo integral, outras escolas padr\u00e3o que est\u00e3o em constru\u00e7\u00e3o tamb\u00e9m ser\u00e3o reiniciadas e conclu\u00eddas. A determina\u00e7\u00e3o do Governador \u00e9 que essas obras sejam finalizadas at\u00e9 o fim do atual mandato.<\/p>\n<p>Em rela\u00e7\u00e3o ao transporte escolar, o governador determinou que Secretaria da Educa\u00e7\u00e3o, Juventude e Esportes (Seduc) e Controladoria Geral do Estado (CGE), realizem em conjunto uma an\u00e1lise no atual sistema para verificar um modelo que seja mais eficiente e que represente menor custo. O relat\u00f3rio com a sugest\u00e3o de melhoria deve ser apresentado dentro de 30 dias.<\/p>\n<p>Outra determina\u00e7\u00e3o do Governador, foi o monitoramento constante da qualidade da merenda servida nas escolas estaduais. \u201cEu n\u00e3o quero problema na merenda da crian\u00e7ada. E se acontecer algum problema tem que ser resolvido de imediato\u201d, frisou o governador.\u00a0 Uma melhoria que deve ocorrer em todas as escolas \u00e9 a climatiza\u00e7\u00e3o. Para isso, o governador Mauro Carlesse determinou \u00e0 equipe que busquem parceiros com disposi\u00e7\u00e3o para realizar esses investimentos, como empresas com projetos de responsabilidade social.<\/p>\n<p>Em rela\u00e7\u00e3o aos gin\u00e1sios de esportes de propriedade do Estado, a inten\u00e7\u00e3o do Governo \u00e9 repassar a gest\u00e3o desta estrutura para os munic\u00edpios, assim como pr\u00e9dios que est\u00e3o desocupados. Al\u00e9m de administra\u00e7\u00f5es municipais, alguns pr\u00e9dios da Secretaria da Educa\u00e7\u00e3o ser\u00e3o compartilhados com o Corpo de Bombeiros, Pol\u00edcia Militar, Secretaria da Seguran\u00e7a P\u00fablica e pela Secretaria de Cidadania e Justi\u00e7a. A determina\u00e7\u00e3o do Governador \u00e9 que os pr\u00e9dios pr\u00f3prios auxiliem na redu\u00e7\u00e3o de gastos com alugu\u00e9is e continuem sendo utilizados para presta\u00e7\u00e3o de servi\u00e7os para a popula\u00e7\u00e3o.<\/p>\n<p>\u201cNa campanha prometemos melhorar a vida das pessoas e gerar oportunidade e a Educa\u00e7\u00e3o \u00e9 o caminho\u201d, finalizou o governador Mauro Carlesse ao assegurar que os 25% previstos na Constitui\u00e7\u00e3o para investimentos em Educa\u00e7\u00e3o dever\u00e3o ser cumpridos integralmente.<\/p>\n<p><strong>Presentes<\/strong><\/p>\n<p>Al\u00e9m da secret\u00e1ria Adriana Aguiar, participaram da reuni\u00e3o, os secret\u00e1rios da Casa Civil, Rolf Vidal; da Comunica\u00e7\u00e3o, Jo\u00e3o Neto; da Fazenda e Planejamento, Sandro Armando; da Infraestrutura, Cidades e Habita\u00e7\u00e3o, Renato de Assun\u00e7\u00e3o; da Casa Militar, Ten. Cel. Silva Neto; \u00a0de Assuntos Estrat\u00e9gicos, Keliton Sousa Barbosa; o controlador-geral do Estado, Senivan Almeida; o comandante-geral da Pol\u00edcia Militar, Cel. Jaizon Veras; o chefe de gabinete do Governador, Divino Alan Siqueira; e o assessor especial, Jos\u00e9 Humberto Marquez.<\/p>\n","protected":false},"excerpt":{"rendered":"<p>O governador do Estado do Tocantins, Mauro Carlesse, coordenou mais uma reuni\u00e3o tem\u00e1tica na tarde desta quinta-feira, 7, no Pal\u00e1cio Araguaia, em Palmas. Desta vez a pasta discutida foi a Educa\u00e7\u00e3o. Retomada de obras, climatiza\u00e7\u00e3o de escolas, transporte escolar, qualidade da merenda \u00a0e a cess\u00e3o e compartilhamento de pr\u00e9dios da Educa\u00e7\u00e3o foram os itens debatidos. [&hellip;]<\/p>\n","protected":false},"author":2,"featured_media":2743,"comment_status":"open","ping_status":"open","sticky":false,"template":"","format":"standard","meta":[],"categories":[2,4],"tags":[],"_links":{"self":[{"href":"https:\/\/dgospel.com.br\/portal\/index.php\/wp-json\/wp\/v2\/posts\/2742"}],"collection":[{"href":"https:\/\/dgospel.com.br\/portal\/index.php\/wp-json\/wp\/v2\/posts"}],"about":[{"href":"https:\/\/dgospel.com.br\/portal\/index.php\/wp-json\/wp\/v2\/types\/post"}],"author":[{"embeddable":true,"href":"https:\/\/dgospel.com.br\/portal\/index.php\/wp-json\/wp\/v2\/users\/2"}],"replies":[{"embeddable":true,"href":"https:\/\/dgospel.com.br\/portal\/index.php\/wp-json\/wp\/v2\/comments?post=2742"}],"version-history":[{"count":1,"href":"https:\/\/dgospel.com.br\/portal\/index.php\/wp-json\/wp\/v2\/posts\/2742\/revisions"}],"predecessor-version":[{"id":2744,"href":"https:\/\/dgospel.com.br\/portal\/index.php\/wp-json\/wp\/v2\/posts\/2742\/revisions\/2744"}],"wp:featuredmedia":[{"embeddable":true,"href":"https:\/\/dgospel.com.br\/portal\/index.php\/wp-json\/wp\/v2\/media\/2743"}],"wp:attachment":[{"href":"https:\/\/dgospel.com.br\/portal\/index.php\/wp-json\/wp\/v2\/media?parent=2742"}],"wp:term":[{"taxonomy":"category","embeddable":true,"href":"https:\/\/dgospel.com.br\/portal\/index.php\/wp-json\/wp\/v2\/categories?post=2742"},{"taxonomy":"post_tag","embeddable":true,"href":"https:\/\/dgospel.com.br\/portal\/index.php\/wp-json\/wp\/v2\/tags?post=2742"}],"curies":[{"name":"wp","href":"https:\/\/api.w.org\/{rel}","templated":true}]}}