{"id":2748,"date":"2019-03-08T09:54:58","date_gmt":"2019-03-08T12:54:58","guid":{"rendered":"http:\/\/dgospel.com.br\/portal\/?p=2748"},"modified":"2019-03-08T09:55:19","modified_gmt":"2019-03-08T12:55:19","slug":"2748","status":"publish","type":"post","link":"https:\/\/dgospel.com.br\/portal\/index.php\/2019\/03\/08\/2748\/","title":{"rendered":"Senami anuncia projetos mission\u00e1rios aprovados pelo Conselho Consultivo"},"content":{"rendered":"<p>No \u00faltimo dia 19 de fevereiro, o Conselho Consultivo de Miss\u00f5es da Senami se reuniu no pr\u00e9dio da Conven\u00e7\u00e3o Geral das Assembleias de Deus no Brasil (CGADB), no Rio de Janeiro, para an\u00e1lise e escolha dos Projetos Nacionais e Internacionais que ser\u00e3o agraciados pela Campanha Dia Nacional de Miss\u00f5es, referente ao ano de 2018.<\/p>\n<p>O Conselho Consultivo\u00a0 de Miss\u00f5es da SENAMI\u00a0 \u00e9 composto por cinco pastores que fazem parte da coordenadoria nacional. S\u00e3o eles: Pastor Pedro In\u00e1cio (DF), presidente do Conselho; Wendell Miranda (RN), relator; Robson Beliz\u00e1rio (ES), Francisco de Assis (MA), Pedro Dutra (RS), membros. Tamb\u00e9m estiveram presentes na reuni\u00e3o, os pastores Saulo Greg\u00f3rio, secret\u00e1rio executivo da Senami; Edgar Amorim, secret\u00e1rio de planejamento da Senami; e\u00a0 Josu\u00e9 Claudino, secret\u00e1rio administrativo da institui\u00e7\u00e3o.<\/p>\n<p>Foram recebidos pela Senami 118 pedidos de apoio de diversas secretarias de miss\u00f5es de v\u00e1rias partes do Brasil. Toda a verba arrecadada na Campanha referente ao Dia Nacional de Miss\u00f5es em 2018 foi usada para ajudar 30 projetos com o valor de R$5 mil cada uma. &#8220;Queremos agradecer o apoio irrestrito da nossa lideran\u00e7a na pessoa do pastor Jos\u00e9 Wellington Junior, presidente da CGADB, e a todos os demais pastores que entenderam o nosso prop\u00f3sito de trabalhar em unidade, fazendo desta campanha uma realidade para apoiar projetos mission\u00e1rios&#8221;, destaca o pastor Saulo Greg\u00f3rio.<\/p>\n<p>O lan\u00e7amento da campanha em 2019 ser\u00e1 realizado na 8\u00aa Assembleia Geral Extraordin\u00e1ria (AGE) e na 44\u00aa Assembleia Geral Ordin\u00e1ria (AGO) que acontecem entre os dias 8 e 12 de abril, em Bel\u00e1m do Par\u00e1.<\/p>\n<p>De acordo com o secret\u00e1rio executivo da Senami, o objetivo neste ano \u00e9 arrecadar um valor superior durante a campanha para um n\u00famero maior de projetos mission\u00e1rios sejam contemplados em 2020. &#8220;Fica aqui o nosso agradecimento aos membros do Conselho Consultivo da Senami que sem medir esfor\u00e7os, t\u00eam se dedicado para realizar este t\u00e3o importante trabalho, com muita transpar\u00eancia, seriedade e amor por miss\u00f5es&#8221;.<\/p>\n<p><strong>Segue a lista dos projetos aprovados pelo Conselho Consultivo da Senami referente \u00e0 Campanha do Dia Nacional de Miss\u00f5es 2018<\/strong><br \/>\n<em>(Projetos e\u00a0 Igreja Respons\u00e1vel)<\/em><\/p>\n<p>01 &#8211; Projeto para compra de motocicleta &#8211; AD Sena Madureira (AC)<br \/>\n02 &#8211; Projeto Arquip\u00e9lago do Bailique &#8211; AD Santana (AP)<br \/>\n03 &#8211; Projeto AnakPanah (Indon\u00e9sia) &#8211; AD Entre Rios (BA)<br \/>\n04 &#8211; Projeto \u00c1frica do Sul &#8211; SoupKitchen &#8211; AD Salvador (BA)<br \/>\n05 &#8211; Projeto Mo\u00e7ambique &#8211; AD Sto Ant\u00f4nio de Jesus (BA)<br \/>\n06 &#8211; Projeto Renascer &#8211; AD Messejana (CE)<br \/>\n07 &#8211; Projeto Crian\u00e7as Sudanesas Refuguiadas no Egito &#8211; AD Min. Templo Central (CE)<br \/>\n08 &#8211; Projeto Escola Esperan\u00e7a e Vida &#8211; Senegal &#8211; AD Min. Templo Central (CE)<br \/>\n09 &#8211; Projeto Tradu\u00e7\u00e3o do Novo Testamento (Timor Leste) &#8211; AD Serran\u00f3polis (GO)<br \/>\n10 &#8211; Projeto Pr\u00f3-Ind\u00edgenas &#8211; SEMADEMA (MA)<br \/>\n11 &#8211; Projeto \u00cdndios no Rio Xing\u00fa &#8211; AD Sinop (MT)<br \/>\n12 &#8211; Projeto D\u00e9cada da Colheita (Bol\u00edvia) &#8211; AD Tangar\u00e1 da Serra (MT)<br \/>\n13 &#8211; Projeto \u00c1frica MT &#8211; AD Cuiab\u00e1 (MT)<br \/>\n14 &#8211; Projeto Barco p\/ Comunidade Ribeirinha Cumucuru &#8211; AD Maracan\u00e3 (PA)<br \/>\n15 &#8211; Projeto Perfura\u00e7\u00e3o do Po\u00e7o de Bacabal (PA) &#8211; AD Maracan\u00e3 (PA)<br \/>\n16 &#8211; Projeto Alb\u00e2nia RJ &#8211; AD \u00c1guas Claras (RJ)<br \/>\n17 &#8211; Projeto Salva\u00e7\u00e3o para a Amaz\u00f4nia RJ &#8211; AD Petr\u00f3polis (RJ)<br \/>\n18 &#8211; Projeto Alcan\u00e7ando Vidas no Sert\u00e3o Nordestino &#8211; IEADERN<br \/>\n19 &#8211; Projeto Uruguai &#8211; AD Mossor\u00f3 (RN)<br \/>\n20 &#8211; Projeto Aquaponia no Sert\u00e3o &#8211; AD Caic\u00f3 (RN)<br \/>\n21 &#8211; Projeto Em Busca dos n\u00e3o Alcan\u00e7ados \u2013 Ribeirinhos &#8211; AD Guajar\u00e1-Mirim (RO)<br \/>\n22 &#8211; Projeto Mission\u00e1rio de Evangeliza\u00e7\u00e3o Guacara\u00a0 (Venezuela) &#8211; AD Porto Velho (RO)<br \/>\n23 &#8211; Projeto Tradu\u00e7\u00e3o da B\u00edlia na L\u00edngua Ind\u00edgena Banaw\u00e1 &#8211; AD Porto Velho (RO)<br \/>\n24 &#8211; Projeto Entrega de B\u00edblias Ir\u00e3 &#8211; AD Pomerode (SC)<br \/>\n25 &#8211; Projeto Reviver em Burkina Faso &#8211; AD Sergipe<br \/>\n26 &#8211; Projeto Bol\u00edvia (Sa\u00fade Comunit\u00e1ria) &#8211; AD Min. Bel\u00e9m Osasco (SP)<br \/>\n27 &#8211; Projeto Preciosa Semente em \u00c1frica &#8211; AD S\u00e3o Jos\u00e9 do Rio Preto (SP)<br \/>\n28 &#8211; Projeto Bom \u00e9 Ser Crian\u00e7a &#8211; AD Min. Bel\u00e9m &#8211; Guarulhos (SP)<br \/>\n29 &#8211; Projeto Uricuritiba &#8211; AD Min. Bel\u00e9m Ibitinga (SP)<br \/>\n30 &#8211; Projeto Samuel (Bol\u00edvia) &#8211; AD Min Bel\u00e9m Pirituba (SP)<\/p>\n<p>&nbsp;<\/p>\n<p><strong>Com informa\u00e7\u00f5es da Senami<\/strong><\/p>\n","protected":false},"excerpt":{"rendered":"<p>No \u00faltimo dia 19 de fevereiro, o Conselho Consultivo de Miss\u00f5es da Senami se reuniu no pr\u00e9dio da Conven\u00e7\u00e3o Geral das Assembleias de Deus no Brasil (CGADB), no Rio de Janeiro, para an\u00e1lise e escolha dos Projetos Nacionais e Internacionais que ser\u00e3o agraciados pela Campanha Dia Nacional de Miss\u00f5es, referente ao ano de 2018. O [&hellip;]<\/p>\n","protected":false},"author":2,"featured_media":2749,"comment_status":"open","ping_status":"open","sticky":false,"template":"","format":"standard","meta":[],"categories":[5,6],"tags":[],"_links":{"self":[{"href":"https:\/\/dgospel.com.br\/portal\/index.php\/wp-json\/wp\/v2\/posts\/2748"}],"collection":[{"href":"https:\/\/dgospel.com.br\/portal\/index.php\/wp-json\/wp\/v2\/posts"}],"about":[{"href":"https:\/\/dgospel.com.br\/portal\/index.php\/wp-json\/wp\/v2\/types\/post"}],"author":[{"embeddable":true,"href":"https:\/\/dgospel.com.br\/portal\/index.php\/wp-json\/wp\/v2\/users\/2"}],"replies":[{"embeddable":true,"href":"https:\/\/dgospel.com.br\/portal\/index.php\/wp-json\/wp\/v2\/comments?post=2748"}],"version-history":[{"count":2,"href":"https:\/\/dgospel.com.br\/portal\/index.php\/wp-json\/wp\/v2\/posts\/2748\/revisions"}],"predecessor-version":[{"id":2751,"href":"https:\/\/dgospel.com.br\/portal\/index.php\/wp-json\/wp\/v2\/posts\/2748\/revisions\/2751"}],"wp:featuredmedia":[{"embeddable":true,"href":"https:\/\/dgospel.com.br\/portal\/index.php\/wp-json\/wp\/v2\/media\/2749"}],"wp:attachment":[{"href":"https:\/\/dgospel.com.br\/portal\/index.php\/wp-json\/wp\/v2\/media?parent=2748"}],"wp:term":[{"taxonomy":"category","embeddable":true,"href":"https:\/\/dgospel.com.br\/portal\/index.php\/wp-json\/wp\/v2\/categories?post=2748"},{"taxonomy":"post_tag","embeddable":true,"href":"https:\/\/dgospel.com.br\/portal\/index.php\/wp-json\/wp\/v2\/tags?post=2748"}],"curies":[{"name":"wp","href":"https:\/\/api.w.org\/{rel}","templated":true}]}}