{"id":2755,"date":"2019-03-12T09:03:21","date_gmt":"2019-03-12T12:03:21","guid":{"rendered":"http:\/\/dgospel.com.br\/portal\/?p=2755"},"modified":"2019-03-12T09:03:21","modified_gmt":"2019-03-12T12:03:21","slug":"governador-nomeia-202-aprovados-no-concurso-do-sistema-penitenciario","status":"publish","type":"post","link":"https:\/\/dgospel.com.br\/portal\/index.php\/2019\/03\/12\/governador-nomeia-202-aprovados-no-concurso-do-sistema-penitenciario\/","title":{"rendered":"Governador nomeia 202 aprovados no concurso do Sistema Penitenci\u00e1rio"},"content":{"rendered":"<p>O governador Mauro Carlesse nomeou, nesta segunda-feira, 11, 202 candidatos aprovados no Concurso P\u00fablico para o Provimento de Cargos do Quadro da Defesa Social e Seguran\u00e7a Penitenci\u00e1ria do Quadro Geral do Poder Executivo do Estado do Tocantins. A partir do dia 18 de mar\u00e7o, os nomeados podem tomar posse\u00a0.<\/p>\n<p>A publica\u00e7\u00e3o da nomea\u00e7\u00e3o ser\u00e1 feita no Di\u00e1rio Oficial do Estado do Tocantins (DOE) n\u00ba 5.315 desta segunda-feira, 11, e cumpre o compromisso firmado pelo\u00a0governador do Estado, Mauro Carlesse, e os candidatos do cadastro de reserva aprovados no Curso de Forma\u00e7\u00e3o Profissional, no dia 25 de fevereiro, no audit\u00f3rio do Pal\u00e1cio Araguaia em Palmas.<\/p>\n<p>O presidente da Comiss\u00e3o dos Aprovados no Concurso, Paulo C\u00e9sar Lopes, chamou aten\u00e7\u00e3o para o grande per\u00edodo em que o concurso esteve sem andamento at\u00e9 que o governador Carlesse assumisse a administra\u00e7\u00e3o do Estado e desse continuidade. \u201cO interesse para que este concurso sa\u00edsse de um estado de in\u00e9rcia\u00a0ocorreu nesta atual gest\u00e3o\u201d, ressaltou. Ele destacou ainda o apoio da Associa\u00e7\u00e3o dos Servidores do Sistema Penitenci\u00e1rio do Tocantins (Assispen) e a atua\u00e7\u00e3o do vice-governador, Wanderlei Barbosa, para o desenrolar do concurso. \u201cO apoio do vice-governador foi efetivo para que come\u00e7\u00e1ssemos de fato a caminhar com o certame\u201d, finalizou.<\/p>\n<p>O secret\u00e1rio de Estado da Cidadania e Justi\u00e7a, Heber Fidelis, relembrou que a primeira ordem do governador Mauro Carlesse foi a de dar continuidade ao concurso, realizando o curso de forma\u00e7\u00e3o profissional para os candidatos do cadastro de reserva. \u201cEssa gest\u00e3o acredita que ter servidores capacitados \u00e9 a solu\u00e7\u00e3o para uma sistema penitenci\u00e1rio capaz de cumprir com as determina\u00e7\u00f5es da LEP [Lei de Execu\u00e7\u00e3o Penal]\u00a0e recomenda\u00e7\u00f5es dos conselhos, resultando assim na ressocializa\u00e7\u00e3o dos apenados\u201d, afirmou.<\/p>\n<p>A candidata Aline Soares evidenciou que o processo foi de muita luta e organiza\u00e7\u00e3o coletiva. \u201cA organiza\u00e7\u00e3o, enquanto classe, foi essencial para que f\u00f4ssemos vistos e pud\u00e9ssemos ter nossos direitos garantidos e temos trabalhado junto ao poder legislativo para que seja alterada a lei que cria as vagas, afim de que sejam ampliadas e todos os classificados sejam nomeados\u201d, vislumbrou.<\/p>\n<p>O superintendente de Administra\u00e7\u00e3o do Sistema Penitenci\u00e1rio e Prisional (Sispen), Orleanes de Sousa Alves, contou que o Sispen tem servidores efetivos capacitados e dedicados para desenvolver a pol\u00edtica de atendimento ao reeducando com maior qualidade, objetivando o cumprimento da pena e a ressocializa\u00e7\u00e3o. \u201c\u00c9 fundamental investir nos servidores efetivos para que a sociedade tenha uma presta\u00e7\u00e3o do servi\u00e7o p\u00fablico com efici\u00eancia e efic\u00e1cia\u201d, destacou.<\/p>\n<p><strong>Posse<\/strong><\/p>\n<p>Ressalta-se que os nomeados t\u00eam 30 dias a partir da data da nomea\u00e7\u00e3o para tomar posse na Secretaria de Estado da Administra\u00e7\u00e3o (Secad), os documentos exigidos para a posse podem ser verificados no site da Secad. A gerente de Recursos Humanos da Seciju, Jaciara Ribeiro, explica que ser\u00e1 necess\u00e1rio apresentar duas c\u00f3pias dos documentos, uma para posse e outra para composi\u00e7\u00e3o de dossi\u00ea junto \u00e0 Seciju, e tamb\u00e9m que o nomeado tenha conta banc\u00e1ria do tipo conta corrente no Banco do Brasil. \u201cImportante lembrar que a conta para pagamento n\u00e3o pode ser conjunta e que os documentos para a montagem de dossi\u00ea s\u00e3o imprescind\u00edveis\u201d, explicou.<\/p>\n<p><strong>Concurso<\/strong><\/p>\n<p>O Concurso P\u00fablico para o Provimento de Cargos do Quadro da Defesa Social e Seguran\u00e7a Penitenci\u00e1ria do Quadro-Geral do Poder Executivo do Estado do Tocantins teve seu edital lan\u00e7ado em abril de 2014, publicado no DOE-TO em 15 de outubro de 2014. A primeira etapa do Concurso P\u00fablico para o Provimento de Cargos do Quadro da Defesa Social e Seguran\u00e7a Penitenci\u00e1ria esteve a cargo da Secretaria de Estado da Administra\u00e7\u00e3o (Secad), que o conduziu por meio da Funda\u00e7\u00e3o Professor Carlos Augusto Bittencourt (Funcab) e teve a aplica\u00e7\u00e3o da prova objetiva em dezembro daquele ano.<\/p>\n<p>Para continuidade do certame, competiu \u00e0 Secretaria de Estado da Cidadania e Justi\u00e7a (Seciju) a realiza\u00e7\u00e3o da segunda etapa, denominada Curso de Forma\u00e7\u00e3o Profissional. A primeira turma do Curso de Forma\u00e7\u00e3o do Sistema Penitenci\u00e1rio iniciou as aulas em 15 de novembro de 2016 e a segunda, formada pelo cadastro de reserva, em 17 de setembro 2018, realizada pela Seciju, por meio da Escola Superior de Gest\u00e3o Penitenci\u00e1rio e Prisional do Tocantins (Esgepen).<\/p>\n<p>O gerente da Egespen, Rodrigo Araujo, contou que foi a primeira vez que a escola formou alunos em fase de concurso e que toda a equipe administrativa foi composta integralmente por servidores de carreira. \u201cO que alegrou os profissionais da Egespen foi perceber que os alunos demonstraram muito comprometimento com os ideais da carreira penitenci\u00e1ria e prisional, como seguran\u00e7a, gest\u00e3o e qualidade de vida na presta\u00e7\u00e3o do servi\u00e7o da cust\u00f3dia humanizada preconizados na lei de execu\u00e7\u00e3o penal\u201d, evidenciou.<\/p>\n","protected":false},"excerpt":{"rendered":"<p>O governador Mauro Carlesse nomeou, nesta segunda-feira, 11, 202 candidatos aprovados no Concurso P\u00fablico para o Provimento de Cargos do Quadro da Defesa Social e Seguran\u00e7a Penitenci\u00e1ria do Quadro Geral do Poder Executivo do Estado do Tocantins. A partir do dia 18 de mar\u00e7o, os nomeados podem tomar posse\u00a0. A publica\u00e7\u00e3o da nomea\u00e7\u00e3o ser\u00e1 feita [&hellip;]<\/p>\n","protected":false},"author":2,"featured_media":2756,"comment_status":"open","ping_status":"open","sticky":false,"template":"","format":"standard","meta":[],"categories":[2,4],"tags":[],"_links":{"self":[{"href":"https:\/\/dgospel.com.br\/portal\/index.php\/wp-json\/wp\/v2\/posts\/2755"}],"collection":[{"href":"https:\/\/dgospel.com.br\/portal\/index.php\/wp-json\/wp\/v2\/posts"}],"about":[{"href":"https:\/\/dgospel.com.br\/portal\/index.php\/wp-json\/wp\/v2\/types\/post"}],"author":[{"embeddable":true,"href":"https:\/\/dgospel.com.br\/portal\/index.php\/wp-json\/wp\/v2\/users\/2"}],"replies":[{"embeddable":true,"href":"https:\/\/dgospel.com.br\/portal\/index.php\/wp-json\/wp\/v2\/comments?post=2755"}],"version-history":[{"count":1,"href":"https:\/\/dgospel.com.br\/portal\/index.php\/wp-json\/wp\/v2\/posts\/2755\/revisions"}],"predecessor-version":[{"id":2757,"href":"https:\/\/dgospel.com.br\/portal\/index.php\/wp-json\/wp\/v2\/posts\/2755\/revisions\/2757"}],"wp:featuredmedia":[{"embeddable":true,"href":"https:\/\/dgospel.com.br\/portal\/index.php\/wp-json\/wp\/v2\/media\/2756"}],"wp:attachment":[{"href":"https:\/\/dgospel.com.br\/portal\/index.php\/wp-json\/wp\/v2\/media?parent=2755"}],"wp:term":[{"taxonomy":"category","embeddable":true,"href":"https:\/\/dgospel.com.br\/portal\/index.php\/wp-json\/wp\/v2\/categories?post=2755"},{"taxonomy":"post_tag","embeddable":true,"href":"https:\/\/dgospel.com.br\/portal\/index.php\/wp-json\/wp\/v2\/tags?post=2755"}],"curies":[{"name":"wp","href":"https:\/\/api.w.org\/{rel}","templated":true}]}}