{"id":276,"date":"2018-05-21T15:42:45","date_gmt":"2018-05-21T18:42:45","guid":{"rendered":"http:\/\/dgospel.com.br\/portal\/?p=276"},"modified":"2018-05-21T15:42:45","modified_gmt":"2018-05-21T18:42:45","slug":"policia-suspeita-que-assassinato-de-professora-delma-franca-tenha-ligacao-com-magia-negra","status":"publish","type":"post","link":"https:\/\/dgospel.com.br\/portal\/index.php\/2018\/05\/21\/policia-suspeita-que-assassinato-de-professora-delma-franca-tenha-ligacao-com-magia-negra\/","title":{"rendered":"Pol\u00edcia suspeita que assassinato de professora Delma Fran\u00e7a tenha liga\u00e7\u00e3o com magia negra"},"content":{"rendered":"<p>A Pol\u00edcia Civil suspeita que\u00a0<a href=\"https:\/\/g1.globo.com\/to\/tocantins\/noticia\/professora-encontrada-morta-em-casa-e-velada-em-igreja-de-palmas.ghtml\">a morte da professora Delma Fran\u00e7a Carvalho Paulino<\/a>, de 42 anos, esteja ligada a magia negra.\u00a0<a href=\"https:\/\/g1.globo.com\/to\/tocantins\/noticia\/professora-pode-ter-sido-morta-pelo-filho-e-pela-namorada-dele-diz-policia.ghtml\">O filho dela e a namorada dele s\u00e3o suspeitos de envolvimento no crime<\/a>. A j<a href=\"https:\/\/g1.globo.com\/to\/tocantins\/noticia\/namorada-de-jovem-suspeito-de-matar-professora-e-ouvida-pela-policia.ghtml\">ovem, de 16 anos, foi ouvida na Delegacia da Crian\u00e7a e do Adolescente na manh\u00e3 desta segunda-feira (21)<\/a>\u00a0. O assassinato aconteceu na \u00faltima ter\u00e7a-feira (15).<\/p>\n<p>&#8220;Ela e o outro infrator eram praticantes, a gente imagina, de magia negra. Mas segundo ela [a menor], s\u00f3 se interessava pelos estudos direcionados a magia e n\u00e3o praticava&#8221;, diz o titular da Delegacia de Homic\u00eddios, Guido Camilo.<\/p>\n<p>Segundo delegado, a jovem disse que o casal ouvia vozes mandando acabar com o sofrimento da professora. &#8220;Ela me disse que a v\u00edtima estava sendo pressionada a deixar a casa onde morava. Diante disso, eles planejaram o crime. Compraram barraca e mochilas para fugir, no dia anterior ao crime.&#8221;<\/p>\n<p>Ele disse tamb\u00e9m que j\u00e1 havia um mandado de interna\u00e7\u00e3o contra os dois menores. Momentos antes do corpo da professora ser encontrada, os dois adolescentes sa\u00edram do grupo de WhatsApp da fam\u00edlia e depois disso n\u00e3o foram mais vistos. Eles moravam com a v\u00edtima, na regi\u00e3o norte de Palmas.<\/p>\n<p>A investiga\u00e7\u00e3o ainda est\u00e1 no in\u00edcio, mas a Pol\u00edcia Civil informou que encontrou uma agenda com anota\u00e7\u00f5es suspeitas na casa. Havia informa\u00e7\u00f5es sobre como fazer primeiros socorros. A forma como o corpo da professora estava tamb\u00e9m chamou aten\u00e7\u00e3o. Algumas partes estavam cobertas de sal.<\/p>\n<p>Os vizinhos disseram que consideravam a v\u00edtima uma pessoa tranquila. Ela levou pelo menos dez facadas durante o assassinato. O irm\u00e3o dela disse que tentou falar com ela no dia do crime, mas n\u00e3o conseguiu. O corpo s\u00f3 foi encontrado durante a noite.<\/p>\n<p>&nbsp;<\/p>\n<p><strong>Fonte: G1 Tocantins<\/strong><\/p>\n<p>&nbsp;<\/p>\n","protected":false},"excerpt":{"rendered":"<p>A Pol\u00edcia Civil suspeita que\u00a0a morte da professora Delma Fran\u00e7a Carvalho Paulino, de 42 anos, esteja ligada a magia negra.\u00a0O filho dela e a namorada dele s\u00e3o suspeitos de envolvimento no crime. A jovem, de 16 anos, foi ouvida na Delegacia da Crian\u00e7a e do Adolescente na manh\u00e3 desta segunda-feira (21)\u00a0. O assassinato aconteceu na [&hellip;]<\/p>\n","protected":false},"author":2,"featured_media":277,"comment_status":"open","ping_status":"open","sticky":false,"template":"","format":"standard","meta":[],"categories":[2,3,10],"tags":[],"_links":{"self":[{"href":"https:\/\/dgospel.com.br\/portal\/index.php\/wp-json\/wp\/v2\/posts\/276"}],"collection":[{"href":"https:\/\/dgospel.com.br\/portal\/index.php\/wp-json\/wp\/v2\/posts"}],"about":[{"href":"https:\/\/dgospel.com.br\/portal\/index.php\/wp-json\/wp\/v2\/types\/post"}],"author":[{"embeddable":true,"href":"https:\/\/dgospel.com.br\/portal\/index.php\/wp-json\/wp\/v2\/users\/2"}],"replies":[{"embeddable":true,"href":"https:\/\/dgospel.com.br\/portal\/index.php\/wp-json\/wp\/v2\/comments?post=276"}],"version-history":[{"count":1,"href":"https:\/\/dgospel.com.br\/portal\/index.php\/wp-json\/wp\/v2\/posts\/276\/revisions"}],"predecessor-version":[{"id":278,"href":"https:\/\/dgospel.com.br\/portal\/index.php\/wp-json\/wp\/v2\/posts\/276\/revisions\/278"}],"wp:featuredmedia":[{"embeddable":true,"href":"https:\/\/dgospel.com.br\/portal\/index.php\/wp-json\/wp\/v2\/media\/277"}],"wp:attachment":[{"href":"https:\/\/dgospel.com.br\/portal\/index.php\/wp-json\/wp\/v2\/media?parent=276"}],"wp:term":[{"taxonomy":"category","embeddable":true,"href":"https:\/\/dgospel.com.br\/portal\/index.php\/wp-json\/wp\/v2\/categories?post=276"},{"taxonomy":"post_tag","embeddable":true,"href":"https:\/\/dgospel.com.br\/portal\/index.php\/wp-json\/wp\/v2\/tags?post=276"}],"curies":[{"name":"wp","href":"https:\/\/api.w.org\/{rel}","templated":true}]}}