{"id":2765,"date":"2019-03-12T09:57:08","date_gmt":"2019-03-12T12:57:08","guid":{"rendered":"http:\/\/dgospel.com.br\/portal\/?p=2765"},"modified":"2019-03-12T09:57:08","modified_gmt":"2019-03-12T12:57:08","slug":"procon-palmas-promove-semana-do-consumidor-de-11-a-15-de-marco-para-orientar-consumidores-e-fornecedores","status":"publish","type":"post","link":"https:\/\/dgospel.com.br\/portal\/index.php\/2019\/03\/12\/procon-palmas-promove-semana-do-consumidor-de-11-a-15-de-marco-para-orientar-consumidores-e-fornecedores\/","title":{"rendered":"Procon Palmas promove Semana do Consumidor, de 11 a 15 de mar\u00e7o, para orientar consumidores e fornecedores"},"content":{"rendered":"<p class=\"yiv8310897059MsoNormalCxSpFirst\">Na pr\u00f3xima sexta-feira, 15, \u00e9 comemorado o Dia Mundial do Consumidor e o Procon Palmas promover\u00e1, no per\u00edodo compreendido entre os dias 11 a 15 de mar\u00e7o, a Semana do Consumidor com a finalidade de divulgar os servi\u00e7os prestados pela entidade e promover o consumo consciente por meio da realiza\u00e7\u00e3o de diversas a\u00e7\u00f5es, dentre as quais est\u00e3o inclu\u00eddas palestras e a distribui\u00e7\u00e3o de material informativo.<\/p>\n<p class=\"yiv8310897059MsoNormalCxSpMiddle\">Segundo a Diretora do Procon Palmas, Liliane de Moura Borges, ser\u00e3o realizadas atividades diversificadas para todos os p\u00fablicos, que v\u00e3o desde jovens, inclusive os que est\u00e3o chegando ao primeiro emprego, adultos, idosos e fornecedores.<\/p>\n<p class=\"yiv8310897059MsoNormalCxSpMiddle\">\u00a0\u201cO Procon Palmas tem como fun\u00e7\u00e3o b\u00e1sica a orienta\u00e7\u00e3o e educa\u00e7\u00e3o e visa a harmoniza\u00e7\u00e3o nas rela\u00e7\u00f5es de consumo. Divulgaremos os servi\u00e7os prestados pelo Procon Palmas, como atendimentos, reclama\u00e7\u00f5es, fiscaliza\u00e7\u00e3o e o trabalho educativo que vem sendo desenvolvido\u201d, disse, lembrando que tamb\u00e9m est\u00e1 dispon\u00edvel o n\u00famero para reclama\u00e7\u00f5es e den\u00fancias: o Disque Procon 0800 642 5801.<\/p>\n<p class=\"yiv8310897059MsoNormalCxSpMiddle\">\u00a0Dulcelio Stival, Superintendente do Procon Palmas explica que \u201cas diversas atividades possibilitam que v\u00e1rios setores da sociedade sejam beneficiados com esclarecimentos de d\u00favidas e principalmente o p\u00fablico mais vulner\u00e1vel, como os jovens e os idosos\u201d.<\/p>\n<p class=\"yiv8310897059MsoNormalCxSpMiddle\">\u00a0Ser\u00e3o abordados temas como direitos b\u00e1sicos do consumidor, endividamento, consumo consciente, dentre outros, sendo que, ao final, ser\u00e1 inaugurada a segunda unidade do Procon Palmas, desta vez, em Taquaralto.<\/p>\n<p class=\"yiv8310897059MsoNormalCxSpMiddle\">\u00a0<b>Confira toda a programa\u00e7\u00e3o com as palestras e hor\u00e1rios na tabela abaix<\/b>o:<\/p>\n<p class=\"yiv8310897059MsoNormalCxSpMiddle\">\n<p class=\"yiv8310897059MsoNormalCxSpMiddle\">\n<p class=\"yiv8310897059MsoNormalCxSpMiddle\"><b>Segunda-feira (11\/03)<\/b><\/p>\n<p class=\"yiv8310897059MsoNormalCxSpMiddle\">Di\u00e1logo sobre Consumo e Endividamento<\/p>\n<p class=\"yiv8310897059MsoNormalCxSpMiddle\">Presen\u00e7a de representantes da OAB, Procon e DPE.<\/p>\n<p class=\"yiv8310897059MsoNormalCxSpMiddle\">Direitos B\u00e1sicos do Consumidor<\/p>\n<p class=\"yiv8310897059MsoNormalCxSpMiddle\">Preven\u00e7\u00e3o ao Endividamento<\/p>\n<p class=\"yiv8310897059MsoNormalCxSpMiddle\">Nova Lei de Prote\u00e7\u00e3o de dados<\/p>\n<p class=\"yiv8310897059MsoNormalCxSpMiddle\">Hora: 16 horas<\/p>\n<p class=\"yiv8310897059MsoNormalCxSpMiddle\">Local: Audit\u00f3rio do Resolve Sul &#8211; Taquaralto<\/p>\n<p class=\"yiv8310897059MsoNormalCxSpMiddle\">\n<p class=\"yiv8310897059MsoNormalCxSpMiddle\">\u00a0<b>\u00a0<\/b><\/p>\n<p class=\"yiv8310897059MsoNormalCxSpMiddle\"><b>Ter\u00e7a-feira (12\/03<\/b>)<\/p>\n<p class=\"yiv8310897059MsoNormalCxSpMiddle\">Atua\u00e7\u00e3o do Procon Municipal frente ao com\u00e9rcio de Palmas<\/p>\n<p class=\"yiv8310897059MsoNormalCxSpMiddle\">Hora: 16 horas<\/p>\n<p class=\"yiv8310897059MsoNormalCxSpMiddle\">Local: Acipa &#8211; Quadra 103 Norte, Rua NO 4, 379<\/p>\n<p class=\"yiv8310897059MsoNormalCxSpMiddle\">\n<p class=\"yiv8310897059MsoNormalCxSpMiddle\">\n<p class=\"yiv8310897059MsoNormalCxSpMiddle\"><b>Quarta-feira (13\/03)<\/b><\/p>\n<p class=\"yiv8310897059MsoNormalCxSpMiddle\">Meu Primeiro Emprego: consumo consciente e finan\u00e7as pessoais<\/p>\n<p class=\"yiv8310897059MsoNormalCxSpMiddle\">Hora: 14 horas<\/p>\n<p class=\"yiv8310897059MsoNormalCxSpMiddle\">Local: Renapsi &#8211; Av. Teot\u00f4nio Segurado &#8211; Qd 1001 Sul Lt 3<\/p>\n<p class=\"yiv8310897059MsoNormalCxSpMiddle\">\n<p class=\"yiv8310897059MsoNormalCxSpMiddle\">\n<p class=\"yiv8310897059MsoNormalCxSpMiddle\"><b>Quinta-feira (14\/03<\/b>)<\/p>\n<p class=\"yiv8310897059MsoNormalCxSpMiddle\">Oficina para os idosos sobre Direito do Consumidor e Educa\u00e7\u00e3o Financeira.<\/p>\n<p class=\"yiv8310897059MsoNormalCxSpMiddle\">Hora: 14 horas<\/p>\n<p class=\"yiv8310897059MsoNormalCxSpMiddle\">Local: Cras Santa B\u00e1rbara &#8211; Rua 10 APM 16<\/p>\n<p class=\"yiv8310897059MsoNormalCxSpMiddle\">\n<p class=\"yiv8310897059MsoNormalCxSpMiddle\">\n<p class=\"yiv8310897059MsoNormalCxSpMiddle\"><b>Sexta-feira (15\/03)<\/b><\/p>\n<p class=\"yiv8310897059MsoNormalCxSpMiddle\">Inaugura\u00e7\u00e3o do N\u00facleo de Atendimento do Procon no Resolve Sul \u2013 Taquaralto &#8211; Quadra 31, no Antigo Shopping da Cidadania<\/p>\n","protected":false},"excerpt":{"rendered":"<p>Na pr\u00f3xima sexta-feira, 15, \u00e9 comemorado o Dia Mundial do Consumidor e o Procon Palmas promover\u00e1, no per\u00edodo compreendido entre os dias 11 a 15 de mar\u00e7o, a Semana do Consumidor com a finalidade de divulgar os servi\u00e7os prestados pela entidade e promover o consumo consciente por meio da realiza\u00e7\u00e3o de diversas a\u00e7\u00f5es, dentre as [&hellip;]<\/p>\n","protected":false},"author":2,"featured_media":2766,"comment_status":"open","ping_status":"open","sticky":false,"template":"","format":"standard","meta":[],"categories":[2,3],"tags":[],"_links":{"self":[{"href":"https:\/\/dgospel.com.br\/portal\/index.php\/wp-json\/wp\/v2\/posts\/2765"}],"collection":[{"href":"https:\/\/dgospel.com.br\/portal\/index.php\/wp-json\/wp\/v2\/posts"}],"about":[{"href":"https:\/\/dgospel.com.br\/portal\/index.php\/wp-json\/wp\/v2\/types\/post"}],"author":[{"embeddable":true,"href":"https:\/\/dgospel.com.br\/portal\/index.php\/wp-json\/wp\/v2\/users\/2"}],"replies":[{"embeddable":true,"href":"https:\/\/dgospel.com.br\/portal\/index.php\/wp-json\/wp\/v2\/comments?post=2765"}],"version-history":[{"count":1,"href":"https:\/\/dgospel.com.br\/portal\/index.php\/wp-json\/wp\/v2\/posts\/2765\/revisions"}],"predecessor-version":[{"id":2767,"href":"https:\/\/dgospel.com.br\/portal\/index.php\/wp-json\/wp\/v2\/posts\/2765\/revisions\/2767"}],"wp:featuredmedia":[{"embeddable":true,"href":"https:\/\/dgospel.com.br\/portal\/index.php\/wp-json\/wp\/v2\/media\/2766"}],"wp:attachment":[{"href":"https:\/\/dgospel.com.br\/portal\/index.php\/wp-json\/wp\/v2\/media?parent=2765"}],"wp:term":[{"taxonomy":"category","embeddable":true,"href":"https:\/\/dgospel.com.br\/portal\/index.php\/wp-json\/wp\/v2\/categories?post=2765"},{"taxonomy":"post_tag","embeddable":true,"href":"https:\/\/dgospel.com.br\/portal\/index.php\/wp-json\/wp\/v2\/tags?post=2765"}],"curies":[{"name":"wp","href":"https:\/\/api.w.org\/{rel}","templated":true}]}}