{"id":2777,"date":"2019-03-13T08:07:09","date_gmt":"2019-03-13T11:07:09","guid":{"rendered":"http:\/\/dgospel.com.br\/portal\/?p=2777"},"modified":"2019-03-13T08:07:09","modified_gmt":"2019-03-13T11:07:09","slug":"governador-carlesse-visita-judiciario-ministerio-publico-e-tribunal-de-contas-do-estado","status":"publish","type":"post","link":"https:\/\/dgospel.com.br\/portal\/index.php\/2019\/03\/13\/governador-carlesse-visita-judiciario-ministerio-publico-e-tribunal-de-contas-do-estado\/","title":{"rendered":"Governador Carlesse visita Judici\u00e1rio, Minist\u00e9rio P\u00fablico e Tribunal de Contas do Estado"},"content":{"rendered":"<p>O governador do estado do Tocantins, Mauro Carlesse, realizou visitas institucionais ao Tribunal de Justi\u00e7a, Minist\u00e9rio P\u00fablico e Tribunal de Contas do Estado, nesta ter\u00e7a-feira, 12. As reuni\u00f5es foram as primeiras visitas oficiais do governador ao Poder Judici\u00e1rio e aos \u00f3rg\u00e3os de controle, ap\u00f3s a posse dos novos gestores, ocorrida no \u00faltimo m\u00eas de fevereiro.<\/p>\n<p>O primeiro \u00f3rg\u00e3o visitado foi o Tribunal de Contas (TCE), onde o governador Mauro Carlesse se reuniu com o presidente Severiano Constandrade e com os conselheiros Alberto Sevilha e Wagner Praxedes, e com\u00a0o chefe de gabinete da presid\u00eancia do TCE,\u00a0Marcelo Ol\u00edmpio Carneiro Tavares.<\/p>\n<p>No Tribunal de Justi\u00e7a, o governador foi recebido pelo atual presidente, desembargador Helv\u00e9cio de Brito Maia Neto. J\u00e1 no Minist\u00e9rio P\u00fablico Estadual, Mauro Carlesse teve tamb\u00e9m uma reuni\u00e3o de trabalho com o procurador-geral de Justi\u00e7a, Jos\u00e9 Omar de Almeida J\u00fanior.<\/p>\n<p>Al\u00e9m das quest\u00f5es institucionais debatidas em todas as visitas, o governador demonstrou sua preocupa\u00e7\u00e3o em rela\u00e7\u00e3o \u00e0 judicializa\u00e7\u00e3o da sa\u00fade. \u201cMuitos casos que chegam ao Judici\u00e1rio s\u00e3o solicitando\u00a0medicamentos que n\u00e3o est\u00e3o na rela\u00e7\u00e3o do Sistema \u00danico de Sa\u00fade (SUS), o que onera o Estado e prejudica o planejamento da Sa\u00fade\u201d, afirmou o governador Carlesse.\u00a0Uma das solu\u00e7\u00f5es debatidas\u00a0foi a cria\u00e7\u00e3o, por parte do Governo, de uma c\u00e2mara de discuss\u00e3o para esses casos excepcionais, o que evitaria que demandas desta natureza possam chegar ao Poder Judici\u00e1rio.<\/p>\n","protected":false},"excerpt":{"rendered":"<p>O governador do estado do Tocantins, Mauro Carlesse, realizou visitas institucionais ao Tribunal de Justi\u00e7a, Minist\u00e9rio P\u00fablico e Tribunal de Contas do Estado, nesta ter\u00e7a-feira, 12. As reuni\u00f5es foram as primeiras visitas oficiais do governador ao Poder Judici\u00e1rio e aos \u00f3rg\u00e3os de controle, ap\u00f3s a posse dos novos gestores, ocorrida no \u00faltimo m\u00eas de fevereiro. [&hellip;]<\/p>\n","protected":false},"author":2,"featured_media":2778,"comment_status":"open","ping_status":"open","sticky":false,"template":"","format":"standard","meta":[],"categories":[2,4],"tags":[],"_links":{"self":[{"href":"https:\/\/dgospel.com.br\/portal\/index.php\/wp-json\/wp\/v2\/posts\/2777"}],"collection":[{"href":"https:\/\/dgospel.com.br\/portal\/index.php\/wp-json\/wp\/v2\/posts"}],"about":[{"href":"https:\/\/dgospel.com.br\/portal\/index.php\/wp-json\/wp\/v2\/types\/post"}],"author":[{"embeddable":true,"href":"https:\/\/dgospel.com.br\/portal\/index.php\/wp-json\/wp\/v2\/users\/2"}],"replies":[{"embeddable":true,"href":"https:\/\/dgospel.com.br\/portal\/index.php\/wp-json\/wp\/v2\/comments?post=2777"}],"version-history":[{"count":1,"href":"https:\/\/dgospel.com.br\/portal\/index.php\/wp-json\/wp\/v2\/posts\/2777\/revisions"}],"predecessor-version":[{"id":2779,"href":"https:\/\/dgospel.com.br\/portal\/index.php\/wp-json\/wp\/v2\/posts\/2777\/revisions\/2779"}],"wp:featuredmedia":[{"embeddable":true,"href":"https:\/\/dgospel.com.br\/portal\/index.php\/wp-json\/wp\/v2\/media\/2778"}],"wp:attachment":[{"href":"https:\/\/dgospel.com.br\/portal\/index.php\/wp-json\/wp\/v2\/media?parent=2777"}],"wp:term":[{"taxonomy":"category","embeddable":true,"href":"https:\/\/dgospel.com.br\/portal\/index.php\/wp-json\/wp\/v2\/categories?post=2777"},{"taxonomy":"post_tag","embeddable":true,"href":"https:\/\/dgospel.com.br\/portal\/index.php\/wp-json\/wp\/v2\/tags?post=2777"}],"curies":[{"name":"wp","href":"https:\/\/api.w.org\/{rel}","templated":true}]}}