{"id":2780,"date":"2019-03-13T08:51:58","date_gmt":"2019-03-13T11:51:58","guid":{"rendered":"http:\/\/dgospel.com.br\/portal\/?p=2780"},"modified":"2019-03-13T08:57:12","modified_gmt":"2019-03-13T11:57:12","slug":"casa-publicadora-das-assembleias-de-deus-comemora-79-anos","status":"publish","type":"post","link":"https:\/\/dgospel.com.br\/portal\/index.php\/2019\/03\/13\/casa-publicadora-das-assembleias-de-deus-comemora-79-anos\/","title":{"rendered":"Casa Publicadora das Assembleias de Deus comemora 79 anos"},"content":{"rendered":"<p><img loading=\"lazy\" class=\"alignnone size-medium wp-image-2787\" src=\"http:\/\/dgospel.com.br\/portal\/wp-content\/uploads\/2019\/03\/0-24-233x300.jpg\" alt=\"\" width=\"233\" height=\"300\" srcset=\"https:\/\/dgospel.com.br\/portal\/wp-content\/uploads\/2019\/03\/0-24-233x300.jpg 233w, https:\/\/dgospel.com.br\/portal\/wp-content\/uploads\/2019\/03\/0-24-768x987.jpg 768w, https:\/\/dgospel.com.br\/portal\/wp-content\/uploads\/2019\/03\/0-24-797x1024.jpg 797w, https:\/\/dgospel.com.br\/portal\/wp-content\/uploads\/2019\/03\/0-24.jpg 996w\" sizes=\"(max-width: 233px) 100vw, 233px\" \/>Em mar\u00e7o de 2019, a Editora CPAD comemora 79 anos de funda\u00e7\u00e3o. Nascida no ano de 1940, a Casa Publicadora tem crescido dia ap\u00f3s dia. Ela foi fundada em tempos dif\u00edceis: o mundo estava paralisado e em destrui\u00e7\u00e3o no contexto da Segunda Guerra Mundial. O Brasil, sob o governo do presidente Get\u00falio Vargas, ainda n\u00e3o tinha se envolvido na guerra, mas vivia um per\u00edodo de instabilidade financeira internamente.<\/p>\n<p>Neste ano houve um decreto do presidente exigindo que todos os jornais do pa\u00eds fossem registrados no Departamento de Imprensa e Propaganda, o D.I.P. Dessa forma somente entidades com personalidade jur\u00eddica poderiam possuir jornais. Tal exig\u00eancia despertou nos l\u00edderes assembleianos um senso de urg\u00eancia com o projeto de criar a Casa Publicadora das Assembl\u00e9ias de Deus, visto que precisavam viabilizar a continuidade do\u00a0<em>Jornal Mensageiro da Paz<\/em>\u00a0(fundado desde 1930).<\/p>\n<p>Neste contexto, a Casa Publicadora das Assembleias de Deus foi fundada, em uma quarta-feira, no dia 13 de mar\u00e7o de 1940. Em 79 anos de exist\u00eancia, a Casa trabalhou com todas as moedas correntes que j\u00e1 existiram no Brasil, de R\u00e9is, passando pelos Cruzeiros, chegando ao Real. (Foram 8 as mudan\u00e7as de moedas ao todo.); Se adaptou a quatro reformas ortogr\u00e1ficas que ocorreram na L\u00edngua Portuguesa; Ajustou-se \u00e0s exig\u00eancias legais de 4 regimes pol\u00edticos que vigoram no Brasil (3\u00aa Rep\u00fablica \u2013 At\u00e9 1946, Rep\u00fablica Nova \u2013At\u00e9 1964, Regime Militar \u2013 At\u00e9 1985 e Redemocratiza\u00e7\u00e3o). Sem mencionar, todas as mudan\u00e7as tecnol\u00f3gicas, tais como a expans\u00e3o do R\u00e1dio, a chegada da Televis\u00e3o no Brasil e o surgimento da Internet em todo mundo.<\/p>\n<p>Concomitantemente \u00e0 hist\u00f3ria do nosso pa\u00eds, a CPAD come\u00e7ou mediante os muitos esfor\u00e7os, investimentos e pioneirismo dos pastores da CGADB. Seu come\u00e7o foi simples e com apenas um foco: a reda\u00e7\u00e3o do Mensageiro da Paz, que funcionava anexo \u00e0 Assembleia de Deus de S\u00e3o Crist\u00f3v\u00e3o.<\/p>\n<p>A primeira sede da Editora foi na Rua S\u00e3o Luiz Gonzaga 581, Benfica (1948 a 1970):<br \/>\n<img src=\"http:\/\/arquivos.editoracpad.com.br\/uploads\/2019\/03\/12\/cpad1.jpg\" alt=\"\" \/><\/p>\n<p>O segundo endere\u00e7o foi no bairro de Vicente de Carvalho, onde funcionou de 1970 a 1992:<\/p>\n<p>Ao longo da hist\u00f3ria, a Editora CPAD foi administrada por 11 gestores e atualmente a dire\u00e7\u00e3o desta Casa est\u00e1 sob administra\u00e7\u00e3o do diretor executivo Ronaldo Rodrigues de Souza, o qual tem sido usado por Deus para faz\u00ea-la crescer e cumprir seu prop\u00f3sito mission\u00e1rio desde 1993.<\/p>\n<p>A CPAD que teve seu in\u00edcio de forma simples e pequena, cresceu ano ap\u00f3s ano. Fez da produ\u00e7\u00e3o de material did\u00e1tico e teol\u00f3gico para a Escola Dominical alta prioridade. Hoje publica e distribui no Brasil e no mundo um curr\u00edculo de Escola Dominical completo, de conte\u00fado b\u00edblico relevante e atualizado, para todas as idades.<\/p>\n<p>Paralelamente, sempre garantiu a publica\u00e7\u00e3o de B\u00edblias e Harpas Crist\u00e3s, fazendo chegar \u00e0s igrejas de todo o pa\u00eds as Escrituras Sagradas. Tamb\u00e9m se dedicou na produ\u00e7\u00e3o de livros focados na fam\u00edlia, na vida crist\u00e3, exposi\u00e7\u00e3o doutrin\u00e1ria e estudo teol\u00f3gico. Hoje a CPAD \u00e9 a maior editora evang\u00e9lica da Am\u00e9rica Latina.<\/p>\n<p>Aos 79 anos, a CPAD expandiu a sua atua\u00e7\u00e3o e est\u00e1 presente no R\u00e1dio; na TV, com o Programa Movimento Pentecostal; na Internet, nas redes sociais, com atendimento virtual em todos os seus sites e com os E-books. Al\u00e9m disso, tamb\u00e9m possui uma gravadora, a CPAD Music. Paralelamente, com o apoio da CGADB, produz eventos em todo o pa\u00eds, fortalecendo os pastores, capacitando l\u00edderes, obreiros e professores de escola dominical, espalhando o aviamento entre adolescentes e jovens.<\/p>\n<p>Sob o apoio e ora\u00e7\u00e3o de todos os pastores das Assembleias de Deus do pa\u00eds, debaixo da orienta\u00e7\u00e3o e dos cuidados da Conven\u00e7\u00e3o Geral das Assembleias de Deus no Brasil (CGADB), a editora CPAD comemora mais um anivers\u00e1rio e por isso agradecemos, festejamos e glorificamos ao nome do Senhor Jesus.<\/p>\n","protected":false},"excerpt":{"rendered":"<p>Em mar\u00e7o de 2019, a Editora CPAD comemora 79 anos de funda\u00e7\u00e3o. Nascida no ano de 1940, a Casa Publicadora tem crescido dia ap\u00f3s dia. Ela foi fundada em tempos dif\u00edceis: o mundo estava paralisado e em destrui\u00e7\u00e3o no contexto da Segunda Guerra Mundial. O Brasil, sob o governo do presidente Get\u00falio Vargas, ainda n\u00e3o [&hellip;]<\/p>\n","protected":false},"author":2,"featured_media":2786,"comment_status":"open","ping_status":"open","sticky":false,"template":"","format":"standard","meta":[],"categories":[2,5,6],"tags":[],"_links":{"self":[{"href":"https:\/\/dgospel.com.br\/portal\/index.php\/wp-json\/wp\/v2\/posts\/2780"}],"collection":[{"href":"https:\/\/dgospel.com.br\/portal\/index.php\/wp-json\/wp\/v2\/posts"}],"about":[{"href":"https:\/\/dgospel.com.br\/portal\/index.php\/wp-json\/wp\/v2\/types\/post"}],"author":[{"embeddable":true,"href":"https:\/\/dgospel.com.br\/portal\/index.php\/wp-json\/wp\/v2\/users\/2"}],"replies":[{"embeddable":true,"href":"https:\/\/dgospel.com.br\/portal\/index.php\/wp-json\/wp\/v2\/comments?post=2780"}],"version-history":[{"count":4,"href":"https:\/\/dgospel.com.br\/portal\/index.php\/wp-json\/wp\/v2\/posts\/2780\/revisions"}],"predecessor-version":[{"id":2788,"href":"https:\/\/dgospel.com.br\/portal\/index.php\/wp-json\/wp\/v2\/posts\/2780\/revisions\/2788"}],"wp:featuredmedia":[{"embeddable":true,"href":"https:\/\/dgospel.com.br\/portal\/index.php\/wp-json\/wp\/v2\/media\/2786"}],"wp:attachment":[{"href":"https:\/\/dgospel.com.br\/portal\/index.php\/wp-json\/wp\/v2\/media?parent=2780"}],"wp:term":[{"taxonomy":"category","embeddable":true,"href":"https:\/\/dgospel.com.br\/portal\/index.php\/wp-json\/wp\/v2\/categories?post=2780"},{"taxonomy":"post_tag","embeddable":true,"href":"https:\/\/dgospel.com.br\/portal\/index.php\/wp-json\/wp\/v2\/tags?post=2780"}],"curies":[{"name":"wp","href":"https:\/\/api.w.org\/{rel}","templated":true}]}}