{"id":279,"date":"2018-05-21T17:07:41","date_gmt":"2018-05-21T20:07:41","guid":{"rendered":"http:\/\/dgospel.com.br\/portal\/?p=279"},"modified":"2018-05-21T17:07:41","modified_gmt":"2018-05-21T20:07:41","slug":"deputado-federal-paulo-freire-costa-quer-crime-de-pedofilia-enquadrado-na-categoria-de-crimes-hediondos","status":"publish","type":"post","link":"https:\/\/dgospel.com.br\/portal\/index.php\/2018\/05\/21\/deputado-federal-paulo-freire-costa-quer-crime-de-pedofilia-enquadrado-na-categoria-de-crimes-hediondos\/","title":{"rendered":"Deputado federal Paulo Freire Costa quer crime de pedofilia enquadrado na categoria de crimes hediondos"},"content":{"rendered":"<p>O dia 18 de maio \u00e9 lembrado como o \u201cDia Nacional de Combate ao Abuso e \u00e0 Explora\u00e7\u00e3o Sexual de Crian\u00e7as e Adolescentes\u201d. Por essa raz\u00e3o, o deputado federal Paulo Freire Costa (PR-SP), apresentou na C\u00e2mara dos Deputados o Projeto de Lei n\u00ba 1776\/2015 que inclui o crime de pedofilia no rol dos crimes hediondos (lei n\u00ba 8072 de 25 de julho de 1990). O projeto j\u00e1 recebeu parecer favor\u00e1vel na Comiss\u00e3o de Seguridade Social e Fam\u00edlia. O crime de pedofilia atenta contra a integridade sexual das crian\u00e7as e dos adolescentes e precisa ser combatido com rigor, destaca o parlamentar. Esta mat\u00e9ria \u00e9 de extrema relev\u00e2ncia e atualidade, tendo em vista o aumento deste crime. Agora o projeto ser\u00e1 encaminhado para a Comiss\u00e3o de Constitui\u00e7\u00e3o e Justi\u00e7a.<\/p>\n<p>Levantamento do IPEA mostra que 70% dos estupros relatados, as v\u00edtimas s\u00e3o crian\u00e7as e adolescentes. A ado\u00e7\u00e3o de tratamento criminal mais r\u00edgido a determinadas condutas, consubstancia-se Pol\u00edtica Criminal que visa prevenir condutas socialmente reprovadas, demonstrando que o crime n\u00e3o compensa, pois ao seu respons\u00e1vel ser\u00e1 inevitavelmente imposta uma pena dura. Trata-se, portanto, de uma medida necess\u00e1ria ao enfrentamento da criminalidade que atingem a inf\u00e2ncia do nosso Pa\u00eds e, consequentemente, de toda a sociedade. Vamos juntos abra\u00e7ar essa causa e virar essa triste p\u00e1gina da hist\u00f3ria de nossa sociedade.<\/p>\n<p>Para o deputado Paulo Freire Costa, estar engajado nessa campanha \u201cFA\u00c7A BONITO \u2013 PROTEJA NOSSAS CRIAN\u00c7AS E ADOLESCENTES\u201d \u00e9 uma demonstra\u00e7\u00e3o de coer\u00eancia, afinal, o dia 18 de maio, \u00e9 uma conquista que demarca a luta pelos Direitos Humanos de Crian\u00e7as e Adolescentes no territ\u00f3rio brasileiro. Esse dia foi escolhido porque em 18 de maio de 1973, na cidade de Vit\u00f3ria (ES), um crime b\u00e1rbaro chocou todo o pa\u00eds e ficou conhecido como o \u201cCaso Araceli\u201d. Esse era o nome de uma menina de apenas oito anos de idade, que teve todos os seus direitos humanos violados, foi raptada, estuprada e morta por jovens de classe m\u00e9dia alta daquela cidade. O crime, apesar de sua natureza hedionda, at\u00e9 hoje est\u00e1 impune.<\/p>\n<p>&#8220;A inten\u00e7\u00e3o dessa Campanha, intitulada Fa\u00e7a Bonito, \u00e9 destacar a data para mobilizar, sensibilizar, informar e convocar toda a sociedade a participar da luta em defesa dos direitos sexuais de crian\u00e7as e adolescentes&#8221;, conclui o deputado.<\/p>\n<p>O s\u00edmbolo da campanha, uma flor amarela, surgiu durante a mobiliza\u00e7\u00e3o do Dia Nacional de Combate ao Abuso e Explora\u00e7\u00e3o Sexual de Crian\u00e7as e Adolescentes de 2009, por\u00e9m, o que era para ser apenas uma campanha, em 2010 se tornou um s\u00edmbolo. Por lembrar desenhos da primeira inf\u00e2ncia e tamb\u00e9m associar a fragilidade de uma flor com a de uma crian\u00e7a, o desenho cria maior proximidade da sociedade \u00e0 identifica\u00e7\u00e3o da causa. &#8220;A ideia \u00e9 tornar esse s\u00edmbolo oficial e t\u00e3o conhecido como o da Aids e o do c\u00e2ncer de mama. Mas para isso \u00e9 necess\u00e1rio divulga\u00e7\u00e3o&#8221;, esclarecem seus criadores.<\/p>\n<p>Quanto mais divulgarmos a causa, maior a nossa for\u00e7a de mobiliza\u00e7\u00e3o. Viol\u00eancia sexual \u00e9 um tema delicado e que normalmente acontece de forma velada. Se ningu\u00e9m falar do assunto, ningu\u00e9m fica sabendo. Portanto denuncie, Fa\u00e7a Bonito, disque 100.<\/p>\n<p><strong>Fonte: Assessoria Deputado Federal Paulo Freire Costa<\/strong><\/p>\n","protected":false},"excerpt":{"rendered":"<p>O dia 18 de maio \u00e9 lembrado como o \u201cDia Nacional de Combate ao Abuso e \u00e0 Explora\u00e7\u00e3o Sexual de Crian\u00e7as e Adolescentes\u201d. Por essa raz\u00e3o, o deputado federal Paulo Freire Costa (PR-SP), apresentou na C\u00e2mara dos Deputados o Projeto de Lei n\u00ba 1776\/2015 que inclui o crime de pedofilia no rol dos crimes hediondos [&hellip;]<\/p>\n","protected":false},"author":2,"featured_media":280,"comment_status":"open","ping_status":"open","sticky":false,"template":"","format":"standard","meta":[],"categories":[2,5,6],"tags":[],"_links":{"self":[{"href":"https:\/\/dgospel.com.br\/portal\/index.php\/wp-json\/wp\/v2\/posts\/279"}],"collection":[{"href":"https:\/\/dgospel.com.br\/portal\/index.php\/wp-json\/wp\/v2\/posts"}],"about":[{"href":"https:\/\/dgospel.com.br\/portal\/index.php\/wp-json\/wp\/v2\/types\/post"}],"author":[{"embeddable":true,"href":"https:\/\/dgospel.com.br\/portal\/index.php\/wp-json\/wp\/v2\/users\/2"}],"replies":[{"embeddable":true,"href":"https:\/\/dgospel.com.br\/portal\/index.php\/wp-json\/wp\/v2\/comments?post=279"}],"version-history":[{"count":1,"href":"https:\/\/dgospel.com.br\/portal\/index.php\/wp-json\/wp\/v2\/posts\/279\/revisions"}],"predecessor-version":[{"id":281,"href":"https:\/\/dgospel.com.br\/portal\/index.php\/wp-json\/wp\/v2\/posts\/279\/revisions\/281"}],"wp:featuredmedia":[{"embeddable":true,"href":"https:\/\/dgospel.com.br\/portal\/index.php\/wp-json\/wp\/v2\/media\/280"}],"wp:attachment":[{"href":"https:\/\/dgospel.com.br\/portal\/index.php\/wp-json\/wp\/v2\/media?parent=279"}],"wp:term":[{"taxonomy":"category","embeddable":true,"href":"https:\/\/dgospel.com.br\/portal\/index.php\/wp-json\/wp\/v2\/categories?post=279"},{"taxonomy":"post_tag","embeddable":true,"href":"https:\/\/dgospel.com.br\/portal\/index.php\/wp-json\/wp\/v2\/tags?post=279"}],"curies":[{"name":"wp","href":"https:\/\/api.w.org\/{rel}","templated":true}]}}