{"id":2790,"date":"2019-03-16T17:41:58","date_gmt":"2019-03-16T20:41:58","guid":{"rendered":"http:\/\/dgospel.com.br\/portal\/?p=2790"},"modified":"2019-03-16T17:41:58","modified_gmt":"2019-03-16T20:41:58","slug":"prefeitura-de-palmas-prorroga-por-mais-30-dias-prazo-para-pagamento-do-iptu-com-desconto","status":"publish","type":"post","link":"https:\/\/dgospel.com.br\/portal\/index.php\/2019\/03\/16\/prefeitura-de-palmas-prorroga-por-mais-30-dias-prazo-para-pagamento-do-iptu-com-desconto\/","title":{"rendered":"Prefeitura de Palmas prorroga por mais 30 dias prazo para pagamento do IPTU com desconto"},"content":{"rendered":"<p>A Prefeitura de Palmas prorrogou por mais 30 dias o prazo para pagamento do Imposto Predial e Territorial Urbana (IPTU) 2019, com desconto.\u00a0O decreto de prorroga\u00e7\u00e3o foi assinado pela prefeita Cinthia Ribeiro, e publicado no Di\u00e1rio Oficial do Munic\u00edpio nesta sexta-feira, 15.<\/p>\n<p>&nbsp;<\/p>\n<p>A partir dessa medida,\u00a0 o contribuinte tem at\u00e9 o pr\u00f3ximo dia 15 de abril para realizar o pagamento com desconto de 10% para pagamento \u00e0 vista (em parcela \u00fanica), e mais 10% para os contribuintes adimplentes com os tributos municipais.<\/p>\n<p>&nbsp;<\/p>\n<p>O contribuinte que optar pelo parcelamento ter\u00e1 que pagar a primeira e a segunda parcela at\u00e9 o dia 15 de abril e as pr\u00f3ximas nos meses subsequentes. No boleto est\u00e3o inclusos tamb\u00e9m as taxas de coleta de lixo e a contribui\u00e7\u00e3o para ilumina\u00e7\u00e3o p\u00fablica (Cosip).<\/p>\n<p>&nbsp;<\/p>\n<p>O contribuinte tem a op\u00e7\u00e3o de gerar os boletos pelo site\u00a0<a href=\"http:\/\/iptu.palmas.to.gov.br\/\">http:\/\/iptu.palmas.to.gov.br\/<\/a>\u00a0ou em qualquer unidade do Resolve Palmas. O pagamento pode ser realizado em ag\u00eancias lot\u00e9ricas ou nos bancos conveniados, inclusive pelo aplicativo dos mesmos.<\/p>\n<p>&nbsp;<\/p>\n<p>Segundo o secret\u00e1rio executivo da Secretaria Municipal de Finan\u00e7as, Rog\u00e9rio Ramos, a medida se fez necess\u00e1ria para dar condi\u00e7\u00f5es\u00a0 para que o contribuinte possa se programar melhor financeiramente e se beneficiar dos descontos.<\/p>\n<p>&nbsp;<\/p>\n<p>\u201cHouve uma\u00a0 procura muito grande\u00a0 para a op\u00e7\u00e3o do pagamento \u00e0 vista o que fez com que prorrog\u00e1ssemos a data do vencimento, dando condi\u00e7\u00f5es para o cidad\u00e3o reimprimir os carn\u00eas ou se organizar para pagar em cota \u00fanica o seu imposto\u201d, esclareceu.<\/p>\n<p>&nbsp;<\/p>\n","protected":false},"excerpt":{"rendered":"<p>A Prefeitura de Palmas prorrogou por mais 30 dias o prazo para pagamento do Imposto Predial e Territorial Urbana (IPTU) 2019, com desconto.\u00a0O decreto de prorroga\u00e7\u00e3o foi assinado pela prefeita Cinthia Ribeiro, e publicado no Di\u00e1rio Oficial do Munic\u00edpio nesta sexta-feira, 15. &nbsp; A partir dessa medida,\u00a0 o contribuinte tem at\u00e9 o pr\u00f3ximo dia 15 [&hellip;]<\/p>\n","protected":false},"author":2,"featured_media":2791,"comment_status":"open","ping_status":"open","sticky":false,"template":"","format":"standard","meta":[],"categories":[2,3],"tags":[],"_links":{"self":[{"href":"https:\/\/dgospel.com.br\/portal\/index.php\/wp-json\/wp\/v2\/posts\/2790"}],"collection":[{"href":"https:\/\/dgospel.com.br\/portal\/index.php\/wp-json\/wp\/v2\/posts"}],"about":[{"href":"https:\/\/dgospel.com.br\/portal\/index.php\/wp-json\/wp\/v2\/types\/post"}],"author":[{"embeddable":true,"href":"https:\/\/dgospel.com.br\/portal\/index.php\/wp-json\/wp\/v2\/users\/2"}],"replies":[{"embeddable":true,"href":"https:\/\/dgospel.com.br\/portal\/index.php\/wp-json\/wp\/v2\/comments?post=2790"}],"version-history":[{"count":1,"href":"https:\/\/dgospel.com.br\/portal\/index.php\/wp-json\/wp\/v2\/posts\/2790\/revisions"}],"predecessor-version":[{"id":2792,"href":"https:\/\/dgospel.com.br\/portal\/index.php\/wp-json\/wp\/v2\/posts\/2790\/revisions\/2792"}],"wp:featuredmedia":[{"embeddable":true,"href":"https:\/\/dgospel.com.br\/portal\/index.php\/wp-json\/wp\/v2\/media\/2791"}],"wp:attachment":[{"href":"https:\/\/dgospel.com.br\/portal\/index.php\/wp-json\/wp\/v2\/media?parent=2790"}],"wp:term":[{"taxonomy":"category","embeddable":true,"href":"https:\/\/dgospel.com.br\/portal\/index.php\/wp-json\/wp\/v2\/categories?post=2790"},{"taxonomy":"post_tag","embeddable":true,"href":"https:\/\/dgospel.com.br\/portal\/index.php\/wp-json\/wp\/v2\/tags?post=2790"}],"curies":[{"name":"wp","href":"https:\/\/api.w.org\/{rel}","templated":true}]}}