{"id":2796,"date":"2019-03-19T09:47:55","date_gmt":"2019-03-19T12:47:55","guid":{"rendered":"http:\/\/dgospel.com.br\/portal\/?p=2796"},"modified":"2019-03-19T09:47:55","modified_gmt":"2019-03-19T12:47:55","slug":"em-washington-bolsonaro-diz-que-sua-chegada-a-presidencia-foi-milagre-e-vontade-de-deus","status":"publish","type":"post","link":"https:\/\/dgospel.com.br\/portal\/index.php\/2019\/03\/19\/em-washington-bolsonaro-diz-que-sua-chegada-a-presidencia-foi-milagre-e-vontade-de-deus\/","title":{"rendered":"Em Washington, Bolsonaro diz que sua chegada \u00e0 presid\u00eancia foi milagre e vontade de Deus"},"content":{"rendered":"<p>Jair Bolsonaro chegou a Washington na tarde de domingo (17) para sua segunda\u00a0<strong><a href=\"https:\/\/guiame.com.br\/gospel\/noticias\/viagem-oficial-bolsonaro-e-trump-devem-selar-alianca-conservadora.html\">viagem oficial<\/a><\/strong>\u00a0ao estrangeiro como chefe de estado;\u00a0<strong><a href=\"https:\/\/guiame.com.br\/gospel\/noticias\/bolsonaro-cita-deus-em-discurso-no-forum-economico-mundial-na-suica.html\">a primeira foi a Davos<\/a><\/strong>, em janeiro. Nos Estados Unidos, o presidente do Brasil cumprir\u00e1 uma s\u00e9rie de agendas, diplom\u00e1ticas e comerciais.<\/p>\n<p>O principal compromisso, no entanto, ser\u00e1 a reuni\u00e3o com o presidente americano\u00a0<strong><a href=\"https:\/\/guiame.com.br\/gospel\/noticias\/bolsonaro-se-reunira-com-trump-em-marco-diz-chanceler-brasileiro.html\">Donald Trump<\/a><\/strong>, que acontece na ter\u00e7a-feira (19). A expectativa \u00e9 de que acordos bilaterais sejam firmados nas \u00e1reas de tecnologia, comercial e seguran\u00e7a p\u00fablica.<\/p>\n<p>O primeiro compromisso na capital americana foi um jantar na resid\u00eancia do embaixador brasileiro na noite de domingo. Acompanhado do ministro das Rela\u00e7\u00f5es Exteriores,\u00a0<strong><a href=\"https:\/\/guiame.com.br\/gospel\/noticias\/fe-crista-e-aproximacao-com-israel-sao-defendidas-por-chanceler-brasileiro.html\">Ernesto Ara\u00fajo<\/a><\/strong>, e do escritor Olavo de Carvalho, em seu discurso Bolsonaro chamou de \u201cvontade de Deus\u201d ele estar na presid\u00eancia.<\/p>\n<p>\u201cNosso Brasil caminhava para o socialismo, para o comunismo, quis a vontade de Deus, entendo dessa maneira, porque dois milagres aconteceram: um \u00e9 a minha vida e outro minha elei\u00e7\u00e3o\u201d, disse em refer\u00eancia a ter escapado com vida ap\u00f3s atentado que sofreu durante a campanha, em Minas Gerais.<\/p>\n<p>O ataque provocou ferimento grave no abd\u00f4men do ent\u00e3o candidato \u00e0 presid\u00eancia, Jair Bolsonaro, que precisou ser submetido a longas cirurgias de reconstru\u00e7\u00e3o intestinal. A \u00faltima aconteceu em janeiro com a retirada da bolsa de colostomia, que passou a usar em fun\u00e7\u00e3o do ataque ocorrido em setembro do ano passado.<\/p>\n<p><strong>Parceria Brasil-Estados Unidos<\/strong><\/p>\n<p>Em sua rede social, Bolsonaro declarou que \u201cpela primeira vez em muito tempo, um presidente brasileiro que n\u00e3o \u00e9 antiamericano chega a Washington. \u00c9 o come\u00e7o de uma parceria pela liberdade e prosperidade, como os brasileiros sempre desejaram\u201d.<\/p>\n<p>\u00c9 clara a afinidade ideol\u00f3gica entre os dois presidentes. Em recente discurso, Trump declarou que \u201c<strong><a href=\"https:\/\/guiame.com.br\/gospel\/noticias\/os-dias-do-socialismo-e-do-comunismo-estao-contados-afirma-trump.html\">os dias do comunismo est\u00e3o contados<\/a><\/strong>\u201d. Ele disse que \u201cna Venezuela e em todo o hemisf\u00e9rio ocidental, o socialismo est\u00e1 morrendo e a liberdade, a prosperidade e a democracia est\u00e3o renascendo\u201d.<\/p>\n<p>Para o presidente brasileiro, Brasil e Estados Unidos \u201cjuntos assustam os defensores do atraso e da tirania ao redor do mundo\u201d.<\/p>\n<p>Durante o jantar, Bolsonaro contou que sua vit\u00f3ria \u00e9 improv\u00e1vel. \u201cNem minha esposa acreditava\u201d, disse. O presidente brasileiro falou que seu desejo era libertar o Brasil da \u201cideologia nefasta de esquerda\u201d, por isso escolheu como slogan o vers\u00edculo b\u00edblico \u201ce conhecereis a verdade e a verdade vos libertar\u00e1\u201d.<\/p>\n<p>A reuni\u00e3o entre Bolsonaro e Trump acontecer\u00e1 na Casa Branca e ser\u00e1 privada. No fim da tarde de ter\u00e7a, o presidente brasileiro ter\u00e1 seu \u00faltimo encontro da visita oficial com l\u00edderes religiosos.<\/p>\n<p>Integram a comitiva brasileira os ministros Ernesto Ara\u00fajo (Rela\u00e7\u00f5es Exteriores), Paulo Guedes (Economia), Sergio Moro (Justi\u00e7a e Seguran\u00e7a P\u00fablica), Augusto Heleno (Gabinete de Seguran\u00e7a Institucional), Tereza Cristina (Agricultura) e Ricardo Salles (Meio Ambiente), al\u00e9m do deputado federal Eduardo Bolsonaro (PSL-SP).<\/p>\n<p>FONTE: GUIAME, COM INFORMA\u00c7\u00d5ES DA EBC<\/p>\n","protected":false},"excerpt":{"rendered":"<p>Jair Bolsonaro chegou a Washington na tarde de domingo (17) para sua segunda\u00a0viagem oficial\u00a0ao estrangeiro como chefe de estado;\u00a0a primeira foi a Davos, em janeiro. Nos Estados Unidos, o presidente do Brasil cumprir\u00e1 uma s\u00e9rie de agendas, diplom\u00e1ticas e comerciais. O principal compromisso, no entanto, ser\u00e1 a reuni\u00e3o com o presidente americano\u00a0Donald Trump, que acontece [&hellip;]<\/p>\n","protected":false},"author":2,"featured_media":2797,"comment_status":"open","ping_status":"open","sticky":false,"template":"","format":"standard","meta":[],"categories":[2,6,4],"tags":[],"_links":{"self":[{"href":"https:\/\/dgospel.com.br\/portal\/index.php\/wp-json\/wp\/v2\/posts\/2796"}],"collection":[{"href":"https:\/\/dgospel.com.br\/portal\/index.php\/wp-json\/wp\/v2\/posts"}],"about":[{"href":"https:\/\/dgospel.com.br\/portal\/index.php\/wp-json\/wp\/v2\/types\/post"}],"author":[{"embeddable":true,"href":"https:\/\/dgospel.com.br\/portal\/index.php\/wp-json\/wp\/v2\/users\/2"}],"replies":[{"embeddable":true,"href":"https:\/\/dgospel.com.br\/portal\/index.php\/wp-json\/wp\/v2\/comments?post=2796"}],"version-history":[{"count":1,"href":"https:\/\/dgospel.com.br\/portal\/index.php\/wp-json\/wp\/v2\/posts\/2796\/revisions"}],"predecessor-version":[{"id":2798,"href":"https:\/\/dgospel.com.br\/portal\/index.php\/wp-json\/wp\/v2\/posts\/2796\/revisions\/2798"}],"wp:featuredmedia":[{"embeddable":true,"href":"https:\/\/dgospel.com.br\/portal\/index.php\/wp-json\/wp\/v2\/media\/2797"}],"wp:attachment":[{"href":"https:\/\/dgospel.com.br\/portal\/index.php\/wp-json\/wp\/v2\/media?parent=2796"}],"wp:term":[{"taxonomy":"category","embeddable":true,"href":"https:\/\/dgospel.com.br\/portal\/index.php\/wp-json\/wp\/v2\/categories?post=2796"},{"taxonomy":"post_tag","embeddable":true,"href":"https:\/\/dgospel.com.br\/portal\/index.php\/wp-json\/wp\/v2\/tags?post=2796"}],"curies":[{"name":"wp","href":"https:\/\/api.w.org\/{rel}","templated":true}]}}