{"id":2799,"date":"2019-03-19T09:54:29","date_gmt":"2019-03-19T12:54:29","guid":{"rendered":"http:\/\/dgospel.com.br\/portal\/?p=2799"},"modified":"2019-03-19T09:54:29","modified_gmt":"2019-03-19T12:54:29","slug":"ladrao-assalta-pastor-com-uma-faca-durante-culto-e-diz-deus-vai-me-perdoar","status":"publish","type":"post","link":"https:\/\/dgospel.com.br\/portal\/index.php\/2019\/03\/19\/ladrao-assalta-pastor-com-uma-faca-durante-culto-e-diz-deus-vai-me-perdoar\/","title":{"rendered":"Ladr\u00e3o assalta pastor com uma faca durante culto e diz: \u201cDeus vai me perdoar\u201d"},"content":{"rendered":"<p>A ousadia de criminosos est\u00e1 cada vez maior. Nem mesmo ambientes religiosos, geralmente respeitados como locais sagrados, ou mesmo o temor a Deus em decorr\u00eancia dos pecados praticados, s\u00e3o empecilhos para inibir a pr\u00e1tica de assaltos, como o que ocorreu recentemente em Juiz de Fora, Minas Gerais.<\/p>\n<p>O assalto ocorreu em uma igreja evang\u00e9lica localizada na Rua Jorge Knopp, no Bairro Marumbi, na \u00faltima quinta-feira (14). Na ocasi\u00e3o, estava sendo realizado um culto, quando um ladr\u00e3o se aproximou do pastor que assistia a cerim\u00f4nia, encostou uma faca em sua barriga e disse: \u201cDeus vai me perdoar\u201d.<\/p>\n<p>O criminoso tomou o celular do pastor, de 35 anos, e depois fugiu em dire\u00e7\u00e3o \u00e0 Rua Marumbi. Entretanto, com o aux\u00edlio das testemunhas e locais o assaltante foi identificado e preso algumas horas depois.<\/p>\n<h2>Tem ladr\u00e3o embaixo da cama<\/h2>\n<p>Segundo informa\u00e7\u00f5es da Pol\u00edcia Militar, ao chegar na casa do suspeito, ele foi encontrado escondido embaixo da cama, com o celular roubado e a faca que utilizou para cometer o crime, segundo o\u00a0<a href=\"https:\/\/g1.globo.com\/mg\/zona-da-mata\/noticia\/2019\/03\/15\/deus-vai-me-perdoar-diz-ladrao-ao-roubar-celular-de-pastor-durante-culto-em-juiz-de-fora.ghtml\">G1.<\/a><\/p>\n<p>Chamou aten\u00e7\u00e3o a longa ficha criminal do homem, que n\u00e3o teve o nome revelado, mas apenas sua idade de 33 anos. Ele j\u00e1 possu\u00eda 17 passagens policiais, sendo 14 por crimes contra patrim\u00f4nio.<\/p>\n<p>Ap\u00f3s ser preso pelos policiais e levado para a delegacia, o acusado foi reconhecido pela v\u00edtima e testemunhas e depois encaminhado para o sistema prisional, onde dever\u00e1 responder pelo crime.<\/p>\n<h2>Caso inusitado<\/h2>\n<p>Em outro caso recente, mas dessa vez ocorrido em S\u00e3o Gon\u00e7alo do Amarante, regi\u00e3o metropolitana de Natal, Rio Grande do Norte, dois assaltantes tamb\u00e9m invadiram o templo de uma igreja durante a realiza\u00e7\u00e3o de um culto para cometer assaltos.<\/p>\n<p>Ap\u00f3s tomar todos os pertences do pastor, no entanto, um dos assaltantes fez um pedido inusitado. \u201cEm um momento, um deles disse que queria me fazer um pedido: \u2018Ore por mim\u201d, disse o pastor.<\/p>\n<p>\u201cEu coloquei a m\u00e3o sobre a cabe\u00e7a dele e comecei a orar. Ent\u00e3o eu disse: \u2018Voc\u00ea j\u00e1 tem minha carteira, meu celular, ent\u00e3o deixe o culto acontecer\u2019. Na mesma hora, ele escondeu a arma e devolveu os pertences\u201d,\u00a0<a href=\"https:\/\/noticias.gospelmais.com.br\/ladroes-assaltam-igreja-durante-culto-109053.html\">relatou o pastor<\/a>.<\/p>\n<div>Fonte:\u00a0gospelmais<\/div>\n","protected":false},"excerpt":{"rendered":"<p>A ousadia de criminosos est\u00e1 cada vez maior. Nem mesmo ambientes religiosos, geralmente respeitados como locais sagrados, ou mesmo o temor a Deus em decorr\u00eancia dos pecados praticados, s\u00e3o empecilhos para inibir a pr\u00e1tica de assaltos, como o que ocorreu recentemente em Juiz de Fora, Minas Gerais. O assalto ocorreu em uma igreja evang\u00e9lica localizada [&hellip;]<\/p>\n","protected":false},"author":2,"featured_media":2800,"comment_status":"open","ping_status":"open","sticky":false,"template":"","format":"standard","meta":[],"categories":[2,5,6],"tags":[],"_links":{"self":[{"href":"https:\/\/dgospel.com.br\/portal\/index.php\/wp-json\/wp\/v2\/posts\/2799"}],"collection":[{"href":"https:\/\/dgospel.com.br\/portal\/index.php\/wp-json\/wp\/v2\/posts"}],"about":[{"href":"https:\/\/dgospel.com.br\/portal\/index.php\/wp-json\/wp\/v2\/types\/post"}],"author":[{"embeddable":true,"href":"https:\/\/dgospel.com.br\/portal\/index.php\/wp-json\/wp\/v2\/users\/2"}],"replies":[{"embeddable":true,"href":"https:\/\/dgospel.com.br\/portal\/index.php\/wp-json\/wp\/v2\/comments?post=2799"}],"version-history":[{"count":1,"href":"https:\/\/dgospel.com.br\/portal\/index.php\/wp-json\/wp\/v2\/posts\/2799\/revisions"}],"predecessor-version":[{"id":2801,"href":"https:\/\/dgospel.com.br\/portal\/index.php\/wp-json\/wp\/v2\/posts\/2799\/revisions\/2801"}],"wp:featuredmedia":[{"embeddable":true,"href":"https:\/\/dgospel.com.br\/portal\/index.php\/wp-json\/wp\/v2\/media\/2800"}],"wp:attachment":[{"href":"https:\/\/dgospel.com.br\/portal\/index.php\/wp-json\/wp\/v2\/media?parent=2799"}],"wp:term":[{"taxonomy":"category","embeddable":true,"href":"https:\/\/dgospel.com.br\/portal\/index.php\/wp-json\/wp\/v2\/categories?post=2799"},{"taxonomy":"post_tag","embeddable":true,"href":"https:\/\/dgospel.com.br\/portal\/index.php\/wp-json\/wp\/v2\/tags?post=2799"}],"curies":[{"name":"wp","href":"https:\/\/api.w.org\/{rel}","templated":true}]}}