{"id":2802,"date":"2019-03-19T10:04:35","date_gmt":"2019-03-19T13:04:35","guid":{"rendered":"http:\/\/dgospel.com.br\/portal\/?p=2802"},"modified":"2019-03-19T10:04:35","modified_gmt":"2019-03-19T13:04:35","slug":"pastora-nomeada-para-o-mec-defende-ensino-baseado-na-palavra-de-deus","status":"publish","type":"post","link":"https:\/\/dgospel.com.br\/portal\/index.php\/2019\/03\/19\/pastora-nomeada-para-o-mec-defende-ensino-baseado-na-palavra-de-deus\/","title":{"rendered":"Pastora nomeada para o MEC defende ensino baseado \u201cna Palavra de Deus\u201d"},"content":{"rendered":"<p>Anunciada como secret\u00e1ria executiva do Minist\u00e9rio da Educa\u00e7\u00e3o, segundo cargo mais importante da pasta, a\u00a0<strong><a href=\"https:\/\/folhagospel.com\/pastora-e-nomeada-para-secretaria-executiva-do-mec\/\" target=\"_blank\" rel=\"noreferrer noopener\" aria-label=\"educadora e pastora Iolene Lima (opens in a new tab)\">educadora e pastora Iolene Lima<\/a><\/strong>\u00a0defendeu em entrevista que o ensino deveria ser baseado \u201cna Palavra de Deus\u201d.<\/p>\n<p>Em um v\u00eddeo de 2013, durante entrevista ao canal de TV evang\u00e9lico Feliz Cidade, Iolene diz que o \u201cprimeiro matem\u00e1tico e ge\u00f3grafo foi Deus\u201d e que \u201cas crian\u00e7as come\u00e7am a ter contato com essas mat\u00e9rias no primeiro livro da B\u00edblia Sagrada, o G\u00eanesis\u201d. Ela tamb\u00e9m defendeu organizar o curr\u00edculo escolar \u201ca partir das escrituras\u201d.<\/p>\n<p>\u201cUma educa\u00e7\u00e3o baseada em princ\u00edpios, \u00e9 uma educa\u00e7\u00e3o baseada na palavra de Deus. [\u2026] O aluno vai aprender que o autor da Hist\u00f3ria \u00e9 Deus, o realizador da Geografia \u00e9 Deus. Deus fez as plan\u00edcies, o relevo, o clima. O primeiro matem\u00e1tico foi Deus\u201d, disse.<\/p>\n<p>A nomea\u00e7\u00e3o para a secretaria executiva da pasta, no entanto, ainda n\u00e3o foi oficializada. Seu nome foi anunciado pelo ministro da Educa\u00e7\u00e3o, Ricardo V\u00e9lez Rodrigues, pelo Twitter, na quinta-feira passada, dia 14, mas desde ent\u00e3o o governo n\u00e3o a nomeou oficialmente.<\/p>\n<p>A pasta tem passado por uma crise interna nos \u00faltimos dias. V\u00e9lez enfrenta uma disputa entre grupos rivais dentro do MEC. Segundo o BR18, a Casa Civil nem sequer aprovou a nomea\u00e7\u00e3o de Iolene, diretora de uma escola evang\u00e9lica em S\u00e3o Jos\u00e9 dos Campos, para o cargo. Em uma semana, sete pessoas foram demitidas do MEC.<\/p>\n<p>Segundo a coluna Painel, do jornal Folha de S. Paulo, informou neste s\u00e1bado, integrantes do governo disseram que o presidente Jair Bolsonaro ficou furioso com o fato da indica\u00e7\u00e3o da educadora ter sido atribu\u00edda \u00e0 primeira-dama Michelle. As duas frequentam a Igreja Batista.<\/p>\n<p>Em sua conta no Twitter, Iolene chegou a agradecer o fato de ter sido indicada para o cargo por V\u00e9lez. \u201cDediquei minha vida para a \u00e1rea da educa\u00e7\u00e3o e me sinto honrada\u201d, escreveu.<\/p>\n<p><strong>Fonte: Estad\u00e3o via JC online<\/strong><\/p>\n","protected":false},"excerpt":{"rendered":"<p>Anunciada como secret\u00e1ria executiva do Minist\u00e9rio da Educa\u00e7\u00e3o, segundo cargo mais importante da pasta, a\u00a0educadora e pastora Iolene Lima\u00a0defendeu em entrevista que o ensino deveria ser baseado \u201cna Palavra de Deus\u201d. Em um v\u00eddeo de 2013, durante entrevista ao canal de TV evang\u00e9lico Feliz Cidade, Iolene diz que o \u201cprimeiro matem\u00e1tico e ge\u00f3grafo foi Deus\u201d [&hellip;]<\/p>\n","protected":false},"author":2,"featured_media":2803,"comment_status":"open","ping_status":"open","sticky":false,"template":"","format":"standard","meta":[],"categories":[2,6,4],"tags":[],"_links":{"self":[{"href":"https:\/\/dgospel.com.br\/portal\/index.php\/wp-json\/wp\/v2\/posts\/2802"}],"collection":[{"href":"https:\/\/dgospel.com.br\/portal\/index.php\/wp-json\/wp\/v2\/posts"}],"about":[{"href":"https:\/\/dgospel.com.br\/portal\/index.php\/wp-json\/wp\/v2\/types\/post"}],"author":[{"embeddable":true,"href":"https:\/\/dgospel.com.br\/portal\/index.php\/wp-json\/wp\/v2\/users\/2"}],"replies":[{"embeddable":true,"href":"https:\/\/dgospel.com.br\/portal\/index.php\/wp-json\/wp\/v2\/comments?post=2802"}],"version-history":[{"count":1,"href":"https:\/\/dgospel.com.br\/portal\/index.php\/wp-json\/wp\/v2\/posts\/2802\/revisions"}],"predecessor-version":[{"id":2804,"href":"https:\/\/dgospel.com.br\/portal\/index.php\/wp-json\/wp\/v2\/posts\/2802\/revisions\/2804"}],"wp:featuredmedia":[{"embeddable":true,"href":"https:\/\/dgospel.com.br\/portal\/index.php\/wp-json\/wp\/v2\/media\/2803"}],"wp:attachment":[{"href":"https:\/\/dgospel.com.br\/portal\/index.php\/wp-json\/wp\/v2\/media?parent=2802"}],"wp:term":[{"taxonomy":"category","embeddable":true,"href":"https:\/\/dgospel.com.br\/portal\/index.php\/wp-json\/wp\/v2\/categories?post=2802"},{"taxonomy":"post_tag","embeddable":true,"href":"https:\/\/dgospel.com.br\/portal\/index.php\/wp-json\/wp\/v2\/tags?post=2802"}],"curies":[{"name":"wp","href":"https:\/\/api.w.org\/{rel}","templated":true}]}}