{"id":2808,"date":"2019-03-19T10:35:38","date_gmt":"2019-03-19T13:35:38","guid":{"rendered":"http:\/\/dgospel.com.br\/portal\/?p=2808"},"modified":"2019-03-19T10:35:38","modified_gmt":"2019-03-19T13:35:38","slug":"parlamentar-promete-fiscalizar-verbas-destinadas-a-saude","status":"publish","type":"post","link":"https:\/\/dgospel.com.br\/portal\/index.php\/2019\/03\/19\/parlamentar-promete-fiscalizar-verbas-destinadas-a-saude\/","title":{"rendered":"Parlamentar promete fiscalizar verbas destinadas \u00e0 sa\u00fade"},"content":{"rendered":"<p>O deputado Eduardo Siqueira Campos (DEM) anunciou na sess\u00e3o desta quinta-feira, 14, que vai solicitar oficialmente ao Tribunal de Contas do Estado (TCE) informa\u00e7\u00f5es sobre os recursos destinados \u00e0 Sa\u00fade propostos ao or\u00e7amento anual do Estado. \u201cSomos agentes p\u00fablicos e temos o direito de saber qual a verba anual destinada ao sistema de sa\u00fade e quanto foi utilizada, pois o Plano Nacional de Sa\u00fade estabelece metas e isso precisa ser verificado em detalhes\u201d, alertou.<\/p>\n<p>Para o deputado, sem essas informa\u00e7\u00f5es, n\u00e3o h\u00e1 como debater os problemas que afetam o setor. \u201cO momento \u00e9 esse, pois temos o or\u00e7amento nas m\u00e3os e cabe a n\u00f3s\u00a0fazermos os ajustes necess\u00e1rios para tornar o sistema vi\u00e1vel, assim como em todas as demais \u00e1reas da administra\u00e7\u00e3o. Desta forma, vamos encontrar uma s\u00e9rie de dota\u00e7\u00f5es or\u00e7ament\u00e1rias que poder\u00e3o ser dispens\u00e1veis. Para Eduardo, j\u00e1 \u00e9 hora de o Poder Legislativo tomar uma posi\u00e7\u00e3o clara a esse respeito.<\/p>\n<p>Segundo Fabion Gomes (PR), a medida \u00e9 realmente necess\u00e1ria e urgente, pois, com informa\u00e7\u00f5es mais detalhadas, a Casa de Leis poderia contribuir de forma mais consciente para as solu\u00e7\u00f5es dos problemas da sa\u00fade. \u201cA quest\u00e3o n\u00e3o \u00e9 somente sobre a folha de pagamento, mas sobre todo o processo que envolve o sistema de sa\u00fade, seja na aquisi\u00e7\u00e3o, seja na manuten\u00e7\u00e3o de\u00a0equipamentos, atendimento, rem\u00e9dios e infraestrutura. Se em Palmas os hospitais t\u00eam essas car\u00eancias, imagine nas unidades do interior do Estado\u201d.<\/p>\n<p>L\u00edder do Governo na Casa, a deputada Valderez Castelo Branco (PP) adiantou que o Executivo est\u00e1 empenhado em resolver as demandas. \u201cO Plano Estrat\u00e9gico apresentado neste ano pelo Governo prev\u00ea a capta\u00e7\u00e3o de recursos e mais investimentos na sa\u00fade. H\u00e1 um empr\u00e9stimo em andamento que vai impulsionar melhorias significativas em todo o sistema\u201d, disse. (Penaforte Diaz)<\/p>\n","protected":false},"excerpt":{"rendered":"<p>O deputado Eduardo Siqueira Campos (DEM) anunciou na sess\u00e3o desta quinta-feira, 14, que vai solicitar oficialmente ao Tribunal de Contas do Estado (TCE) informa\u00e7\u00f5es sobre os recursos destinados \u00e0 Sa\u00fade propostos ao or\u00e7amento anual do Estado. \u201cSomos agentes p\u00fablicos e temos o direito de saber qual a verba anual destinada ao sistema de sa\u00fade e [&hellip;]<\/p>\n","protected":false},"author":2,"featured_media":2809,"comment_status":"open","ping_status":"open","sticky":false,"template":"","format":"standard","meta":[],"categories":[8],"tags":[],"_links":{"self":[{"href":"https:\/\/dgospel.com.br\/portal\/index.php\/wp-json\/wp\/v2\/posts\/2808"}],"collection":[{"href":"https:\/\/dgospel.com.br\/portal\/index.php\/wp-json\/wp\/v2\/posts"}],"about":[{"href":"https:\/\/dgospel.com.br\/portal\/index.php\/wp-json\/wp\/v2\/types\/post"}],"author":[{"embeddable":true,"href":"https:\/\/dgospel.com.br\/portal\/index.php\/wp-json\/wp\/v2\/users\/2"}],"replies":[{"embeddable":true,"href":"https:\/\/dgospel.com.br\/portal\/index.php\/wp-json\/wp\/v2\/comments?post=2808"}],"version-history":[{"count":1,"href":"https:\/\/dgospel.com.br\/portal\/index.php\/wp-json\/wp\/v2\/posts\/2808\/revisions"}],"predecessor-version":[{"id":2810,"href":"https:\/\/dgospel.com.br\/portal\/index.php\/wp-json\/wp\/v2\/posts\/2808\/revisions\/2810"}],"wp:featuredmedia":[{"embeddable":true,"href":"https:\/\/dgospel.com.br\/portal\/index.php\/wp-json\/wp\/v2\/media\/2809"}],"wp:attachment":[{"href":"https:\/\/dgospel.com.br\/portal\/index.php\/wp-json\/wp\/v2\/media?parent=2808"}],"wp:term":[{"taxonomy":"category","embeddable":true,"href":"https:\/\/dgospel.com.br\/portal\/index.php\/wp-json\/wp\/v2\/categories?post=2808"},{"taxonomy":"post_tag","embeddable":true,"href":"https:\/\/dgospel.com.br\/portal\/index.php\/wp-json\/wp\/v2\/tags?post=2808"}],"curies":[{"name":"wp","href":"https:\/\/api.w.org\/{rel}","templated":true}]}}