{"id":2811,"date":"2019-03-19T10:37:05","date_gmt":"2019-03-19T13:37:05","guid":{"rendered":"http:\/\/dgospel.com.br\/portal\/?p=2811"},"modified":"2019-03-19T10:37:05","modified_gmt":"2019-03-19T13:37:05","slug":"al-podera-ter-frente-parlamentar-de-industria-comercio-turismo-e-atracao-de-investimentos","status":"publish","type":"post","link":"https:\/\/dgospel.com.br\/portal\/index.php\/2019\/03\/19\/al-podera-ter-frente-parlamentar-de-industria-comercio-turismo-e-atracao-de-investimentos\/","title":{"rendered":"AL poder\u00e1 ter frente parlamentar de ind\u00fastria, com\u00e9rcio, turismo e atra\u00e7\u00e3o de investimentos"},"content":{"rendered":"<p>O deputado estadual Olyntho (PSDB), apresentou nesta quinta-feira, 14, na Assembleia Legislativa a proposta da cria\u00e7\u00e3o da Frente Parlamentar de Incentivo a Ind\u00fastria, Com\u00e9rcio e Atra\u00e7\u00e3o de Investimentos para o Estado do Tocantins. O objetivo do parlamentar \u00e9 criar uma frente envolvendo os deputados para que a Casa de Leis do Tocantins possa discutir e debater o tema. O requerimento teve aval da maioria dos deputados.<\/p>\n<p>&#8220;\u00c9 um setor altamente importante para a economia e o desenvolvimento do Estado merece a defesa dos parlamentares&#8221;, justificou o parlamentar.<\/p>\n<p>A Frente Parlamentar ser\u00e1 suprapartid\u00e1ria e atuar\u00e1 em defesa de medidas de incentivo, fomento e apoio a vinda de investidores para o Estado. O tucano quer atuar em defesa ao acesso de novos empres\u00e1rios e representantes.<\/p>\n<p>O deputado Issam Saado (PV), empres\u00e1rio tocantinense, destacou que tem compromisso desde sua campanha de atuar pela industrializa\u00e7\u00e3o do Estado. \u201c\u00c9 uma preocupa\u00e7\u00e3o minha desde sempre, compromisso meu de campanha trabalhar pela industrializa\u00e7\u00e3o do Estado e vejo como muito positiva a iniciativa da Assembleia em criar a frente parlamentar nesse sentido. Com certeza irei contribuir, junto com os demais parlamentares, com o Estado, empres\u00e1rios e o povo para desenvolver o Tocantins\u201d.<\/p>\n<p>Olyntho ainda ressaltou que o tocantinense n\u00e3o pode ficar ref\u00e9m de ter o Estado como principal empregador. \u201c\u00c9 tamb\u00e9m uma quest\u00e3o social\u201d. Ele explicou que a proposta pretende ainda, articular e integrar as atividades do Governo com a iniciativa privada. \u201cVamos trabalhar junto com as a\u00e7\u00f5es do Governo, de setores produtivos e da sociedade civil, al\u00e9m de propor a\u00e7\u00f5es e medidas legislativas que beneficiem o crescimento do com\u00e9rcio e da ind\u00fastria, para garantir melhores condi\u00e7\u00f5es de atua\u00e7\u00e3o no mercado, gerando emprego e renda a popula\u00e7\u00e3o\u201d. (Dicom\/Assessoria)<\/p>\n","protected":false},"excerpt":{"rendered":"<p>O deputado estadual Olyntho (PSDB), apresentou nesta quinta-feira, 14, na Assembleia Legislativa a proposta da cria\u00e7\u00e3o da Frente Parlamentar de Incentivo a Ind\u00fastria, Com\u00e9rcio e Atra\u00e7\u00e3o de Investimentos para o Estado do Tocantins. O objetivo do parlamentar \u00e9 criar uma frente envolvendo os deputados para que a Casa de Leis do Tocantins possa discutir e [&hellip;]<\/p>\n","protected":false},"author":2,"featured_media":2812,"comment_status":"open","ping_status":"open","sticky":false,"template":"","format":"standard","meta":[],"categories":[8],"tags":[],"_links":{"self":[{"href":"https:\/\/dgospel.com.br\/portal\/index.php\/wp-json\/wp\/v2\/posts\/2811"}],"collection":[{"href":"https:\/\/dgospel.com.br\/portal\/index.php\/wp-json\/wp\/v2\/posts"}],"about":[{"href":"https:\/\/dgospel.com.br\/portal\/index.php\/wp-json\/wp\/v2\/types\/post"}],"author":[{"embeddable":true,"href":"https:\/\/dgospel.com.br\/portal\/index.php\/wp-json\/wp\/v2\/users\/2"}],"replies":[{"embeddable":true,"href":"https:\/\/dgospel.com.br\/portal\/index.php\/wp-json\/wp\/v2\/comments?post=2811"}],"version-history":[{"count":1,"href":"https:\/\/dgospel.com.br\/portal\/index.php\/wp-json\/wp\/v2\/posts\/2811\/revisions"}],"predecessor-version":[{"id":2813,"href":"https:\/\/dgospel.com.br\/portal\/index.php\/wp-json\/wp\/v2\/posts\/2811\/revisions\/2813"}],"wp:featuredmedia":[{"embeddable":true,"href":"https:\/\/dgospel.com.br\/portal\/index.php\/wp-json\/wp\/v2\/media\/2812"}],"wp:attachment":[{"href":"https:\/\/dgospel.com.br\/portal\/index.php\/wp-json\/wp\/v2\/media?parent=2811"}],"wp:term":[{"taxonomy":"category","embeddable":true,"href":"https:\/\/dgospel.com.br\/portal\/index.php\/wp-json\/wp\/v2\/categories?post=2811"},{"taxonomy":"post_tag","embeddable":true,"href":"https:\/\/dgospel.com.br\/portal\/index.php\/wp-json\/wp\/v2\/tags?post=2811"}],"curies":[{"name":"wp","href":"https:\/\/api.w.org\/{rel}","templated":true}]}}