{"id":2814,"date":"2019-03-19T10:40:50","date_gmt":"2019-03-19T13:40:50","guid":{"rendered":"http:\/\/dgospel.com.br\/portal\/?p=2814"},"modified":"2019-03-19T10:40:50","modified_gmt":"2019-03-19T13:40:50","slug":"cpi-do-previpalmas-e-retomada-conclusao-esta-prevista-para-05-05-2019","status":"publish","type":"post","link":"https:\/\/dgospel.com.br\/portal\/index.php\/2019\/03\/19\/cpi-do-previpalmas-e-retomada-conclusao-esta-prevista-para-05-05-2019\/","title":{"rendered":"CPI do Previpalmas \u00e9 retomada. Conclus\u00e3o est\u00e1 prevista para 05\/05\/2019"},"content":{"rendered":"<p>A C\u00e2mara Municipal de Palmas, em reuni\u00e3o extraordin\u00e1ria, na sexta, 15, reabriu os trabalhos relativos \u00e0s investiga\u00e7\u00f5es da\u00a0 Comiss\u00e3o Parlamentar de\u00a0 Inqu\u00e9rito &#8211; CPI, que apura as aplica\u00e7\u00f5es financeiras relacionadas ao PreviPalmas. A Comiss\u00e3o tem por objetivo apurar e, finalmente, concluir se houve dano ao er\u00e1rio p\u00fablico municipal. Nesta nova fase &#8211; que dever\u00e1 ser encerrada em 05\/05\/2019 &#8211; a presid\u00eancia ser\u00e1 exercida pelo vereador Milton Neris (PP), tendo como vice, o parlamentar\u00a0 Vandim do Povo (DC), al\u00e9m dos membros, Gerson Alves (PSL), Tiago Andrino (PSB) e Laudecy Coimbra (SD). J\u00e1 os suplentes ser\u00e3o os vereadores Major Negreiros (PSB), Folha (PSD), Moisemar Marinho (PDT), Jucelino Rodrigues (PTC) e Etinho Nordeste (PTB).<\/p>\n<p>O presidente da Comiss\u00e3o, sugeriu, colocou em vota\u00e7\u00e3o e foi aprovado, por unanimidade, que o hor\u00e1rio das reuni\u00f5es ordin\u00e1rias da CPI, ocorrer\u00e3o \u00e0s 14 horas de todas as segundas-feiras. Tamb\u00e9m ficou definido que os membros far\u00e3o visitas institucionais, visando buscar o apoio de outros entes p\u00fablicos. \u201cDefininos aqui uma agenda institucional, para buscar o apoio do Tribunal de Justi\u00e7a e esclarecer algumas d\u00favidas que a gente tem em rela\u00e7\u00e3o \u00e0 convoca\u00e7\u00e3o e ao cumprimento dessas convoca\u00e7\u00f5es por parte dos envolvidos diretamente nesse problema do Previpalmas\u201d, afirmou Neris.<\/p>\n<p>J\u00e1 a vereadora Laudecy Coimbra, foi escolhida como relatora da CPI e\u00a0 ressaltou\u00a0 que a finalidade da Comiss\u00e3o n\u00e3o \u00e9 perseguir ningu\u00e9m e sim esclarecer o que foi feito com\u00a0 o dinheiro da\u00a0 previd\u00eancia dos servidores do munic\u00edpio de Palmas.\u00a0 \u201cO que queremos saber \u00e9 onde foi parar o dinheiro do Previpalmas, procurar uma forma de dar essa resposta \u00e0 sociedade e descobrir o que fizeram com o dinheiro do Instituto. \u00c9 necess\u00e1rio procurar uma forma de tentar reaver esse dinheiro e com isso ter o menor preju\u00edzo poss\u00edvel para os servidores. A nossa \u00fanica inten\u00e7\u00e3o \u00e9 essa\u201d, enfatizou Laudecy.<\/p>\n<p>Convidado por Neris e presente \u00e0 reuni\u00e3o, o presidente do Sindicato dos Servidores Municipais de Palmas, Heguel Albuquerque, destacou que os dois pontos principais que preocupa os servidores no momento s\u00e3o: os recursos que foram desviados na ordem de 50 milh\u00f5es e a efetiva\u00a0 responsabiliza\u00e7\u00e3o dos envolvidos no processo. O representante dos servidores tamb\u00e9m se mostrou preocupado com a gest\u00e3o do Instituto.\u00a0 \u201cO presidente do Previpalmas poderia ser um servidor efetivo do \u00f3rg\u00e3o, obviamente gabaritado para a fun\u00e7\u00e3o, inclusive, ao ser indicado ter que passar\u00a0 por uma sabatina aqui na C\u00e2mara para que os vereadores verifiquem a capacidade t\u00e9cnica desse profissional\u201d, sugeriu Albuquerque.<\/p>\n<p>Os membros da CPI ir\u00e3o definir, no pr\u00f3ximo encontro, um cronograma de visitas aos \u00f3rg\u00e3os: Tribunal de Justi\u00e7a, Superintend\u00eancia da Caixa Econ\u00f4mica, Justi\u00e7a Federal e Estadual, Delegacia Geral de Policia de Palmas, al\u00e9m do Minist\u00e9rio P\u00fablico, em \u00e2mbito Federal e Estadual.<\/p>\n","protected":false},"excerpt":{"rendered":"<p>A C\u00e2mara Municipal de Palmas, em reuni\u00e3o extraordin\u00e1ria, na sexta, 15, reabriu os trabalhos relativos \u00e0s investiga\u00e7\u00f5es da\u00a0 Comiss\u00e3o Parlamentar de\u00a0 Inqu\u00e9rito &#8211; CPI, que apura as aplica\u00e7\u00f5es financeiras relacionadas ao PreviPalmas. A Comiss\u00e3o tem por objetivo apurar e, finalmente, concluir se houve dano ao er\u00e1rio p\u00fablico municipal. Nesta nova fase &#8211; que dever\u00e1 ser [&hellip;]<\/p>\n","protected":false},"author":2,"featured_media":2815,"comment_status":"open","ping_status":"open","sticky":false,"template":"","format":"standard","meta":[],"categories":[8,2,4],"tags":[],"_links":{"self":[{"href":"https:\/\/dgospel.com.br\/portal\/index.php\/wp-json\/wp\/v2\/posts\/2814"}],"collection":[{"href":"https:\/\/dgospel.com.br\/portal\/index.php\/wp-json\/wp\/v2\/posts"}],"about":[{"href":"https:\/\/dgospel.com.br\/portal\/index.php\/wp-json\/wp\/v2\/types\/post"}],"author":[{"embeddable":true,"href":"https:\/\/dgospel.com.br\/portal\/index.php\/wp-json\/wp\/v2\/users\/2"}],"replies":[{"embeddable":true,"href":"https:\/\/dgospel.com.br\/portal\/index.php\/wp-json\/wp\/v2\/comments?post=2814"}],"version-history":[{"count":1,"href":"https:\/\/dgospel.com.br\/portal\/index.php\/wp-json\/wp\/v2\/posts\/2814\/revisions"}],"predecessor-version":[{"id":2816,"href":"https:\/\/dgospel.com.br\/portal\/index.php\/wp-json\/wp\/v2\/posts\/2814\/revisions\/2816"}],"wp:featuredmedia":[{"embeddable":true,"href":"https:\/\/dgospel.com.br\/portal\/index.php\/wp-json\/wp\/v2\/media\/2815"}],"wp:attachment":[{"href":"https:\/\/dgospel.com.br\/portal\/index.php\/wp-json\/wp\/v2\/media?parent=2814"}],"wp:term":[{"taxonomy":"category","embeddable":true,"href":"https:\/\/dgospel.com.br\/portal\/index.php\/wp-json\/wp\/v2\/categories?post=2814"},{"taxonomy":"post_tag","embeddable":true,"href":"https:\/\/dgospel.com.br\/portal\/index.php\/wp-json\/wp\/v2\/tags?post=2814"}],"curies":[{"name":"wp","href":"https:\/\/api.w.org\/{rel}","templated":true}]}}