{"id":2817,"date":"2019-03-20T10:04:53","date_gmt":"2019-03-20T13:04:53","guid":{"rendered":"http:\/\/dgospel.com.br\/portal\/?p=2817"},"modified":"2019-03-20T10:04:53","modified_gmt":"2019-03-20T13:04:53","slug":"vice-da-fnp-prefeita-cinthia-ribeiro-discutira-agenda-municipalista-com-gestores-do-pais","status":"publish","type":"post","link":"https:\/\/dgospel.com.br\/portal\/index.php\/2019\/03\/20\/vice-da-fnp-prefeita-cinthia-ribeiro-discutira-agenda-municipalista-com-gestores-do-pais\/","title":{"rendered":"Vice da FNP, prefeita Cinthia Ribeiro discutir\u00e1 agenda municipalista com gestores do Pa\u00eds"},"content":{"rendered":"<p class=\"yiv4190595865MsoNormal\">A Chefe do Executivo de Palmas, Cinthia Ribeiro, participar\u00e1 do Congresso da Frente Nacional dos Prefeitos na pr\u00f3xima semana, em Bras\u00edlia. A programa\u00e7\u00e3o do evento prev\u00ea, entre outros compromissos, elei\u00e7\u00e3o da entidade e agenda com ministros. Frente articula encontro com Jair Bolsonaro e presidentes do Senado e C\u00e2mara.<\/p>\n<p class=\"yiv4190595865MsoNormal\">\u00a0elejron<\/p>\n<p class=\"yiv4190595865MsoNormal\">A prefeita de Palmas, Cinthia Ribeiro, participar\u00e1 nos dias 25 e 26 de mar\u00e7o, em Bras\u00edlia (DF), da 75\u00aa Reuni\u00e3o Geral da Frente Nacional de Prefeitos (FNP). Vice-presidente da FNP, Cinthia Ribeiro discutir\u00e1 com os demais prefeitos temas como reforma da previd\u00eancia, al\u00e9m de assuntos recorrentes das administra\u00e7\u00f5es como, por exemplo, saneamento, habita\u00e7\u00e3o, mobilidade urbana e financiamento da sa\u00fade. As informa\u00e7\u00f5es s\u00e3o do portal da FNP.<\/p>\n<p class=\"yiv4190595865MsoNormal\">\n<p class=\"yiv4190595865MsoNormal\">A reuni\u00e3o marca tamb\u00e9m a elei\u00e7\u00e3o e posse da diretoria para o bi\u00eanio 2019\/2021. Outro ato importante do congresso \u00e9 a oficializa\u00e7\u00e3o do Termo de Coopera\u00e7\u00e3o da FNP com a ONU Mulheres.<\/p>\n<p class=\"yiv4190595865MsoNormal\">\n<p class=\"yiv4190595865MsoNormal\">O encontro na FNP come\u00e7a nessa quinta-feira, dia 21, e segue at\u00e9 o dia 26 deste m\u00eas. A programa\u00e7\u00e3o ser\u00e1 dividida em duas partes: a primeira, para secret\u00e1rios. J\u00e1 a segunda, direcionada aos prefeitos.<\/p>\n<p class=\"yiv4190595865MsoNormal\">\n<p class=\"yiv4190595865MsoNormal\"><b>Ministros e presidentes<\/b><\/p>\n<p class=\"yiv4190595865MsoNormal\">\n<p class=\"yiv4190595865MsoNormal\">Constam na agenda de palestras e pain\u00e9is apresenta\u00e7\u00f5es de ministros como Paulo Guedes (Economia), Luiz Henrique Mandetta (Sa\u00fade). A FNP organiza ainda agenda dos prefeitos com o presidente da Rep\u00fablica, Jair Bolsonaro, e com os presidentes do Senado, Davi Alcolumbre, e da C\u00e2mara, Rodrigo Maia.\u00a0(Com informa\u00e7\u00f5es da Comunica\u00e7\u00e3o da FNP)<\/p>\n","protected":false},"excerpt":{"rendered":"<p>A Chefe do Executivo de Palmas, Cinthia Ribeiro, participar\u00e1 do Congresso da Frente Nacional dos Prefeitos na pr\u00f3xima semana, em Bras\u00edlia. A programa\u00e7\u00e3o do evento prev\u00ea, entre outros compromissos, elei\u00e7\u00e3o da entidade e agenda com ministros. Frente articula encontro com Jair Bolsonaro e presidentes do Senado e C\u00e2mara. \u00a0elejron A prefeita de Palmas, Cinthia Ribeiro, [&hellip;]<\/p>\n","protected":false},"author":2,"featured_media":2818,"comment_status":"open","ping_status":"open","sticky":false,"template":"","format":"standard","meta":[],"categories":[2,4],"tags":[],"_links":{"self":[{"href":"https:\/\/dgospel.com.br\/portal\/index.php\/wp-json\/wp\/v2\/posts\/2817"}],"collection":[{"href":"https:\/\/dgospel.com.br\/portal\/index.php\/wp-json\/wp\/v2\/posts"}],"about":[{"href":"https:\/\/dgospel.com.br\/portal\/index.php\/wp-json\/wp\/v2\/types\/post"}],"author":[{"embeddable":true,"href":"https:\/\/dgospel.com.br\/portal\/index.php\/wp-json\/wp\/v2\/users\/2"}],"replies":[{"embeddable":true,"href":"https:\/\/dgospel.com.br\/portal\/index.php\/wp-json\/wp\/v2\/comments?post=2817"}],"version-history":[{"count":1,"href":"https:\/\/dgospel.com.br\/portal\/index.php\/wp-json\/wp\/v2\/posts\/2817\/revisions"}],"predecessor-version":[{"id":2819,"href":"https:\/\/dgospel.com.br\/portal\/index.php\/wp-json\/wp\/v2\/posts\/2817\/revisions\/2819"}],"wp:featuredmedia":[{"embeddable":true,"href":"https:\/\/dgospel.com.br\/portal\/index.php\/wp-json\/wp\/v2\/media\/2818"}],"wp:attachment":[{"href":"https:\/\/dgospel.com.br\/portal\/index.php\/wp-json\/wp\/v2\/media?parent=2817"}],"wp:term":[{"taxonomy":"category","embeddable":true,"href":"https:\/\/dgospel.com.br\/portal\/index.php\/wp-json\/wp\/v2\/categories?post=2817"},{"taxonomy":"post_tag","embeddable":true,"href":"https:\/\/dgospel.com.br\/portal\/index.php\/wp-json\/wp\/v2\/tags?post=2817"}],"curies":[{"name":"wp","href":"https:\/\/api.w.org\/{rel}","templated":true}]}}