{"id":2820,"date":"2019-03-20T10:07:05","date_gmt":"2019-03-20T13:07:05","guid":{"rendered":"http:\/\/dgospel.com.br\/portal\/?p=2820"},"modified":"2019-03-20T10:07:05","modified_gmt":"2019-03-20T13:07:05","slug":"com-o-tema-a-agua-e-uma-so-o-tocantins-adere-a-semana-de-celebracao-do-dia-mundial-da-agua","status":"publish","type":"post","link":"https:\/\/dgospel.com.br\/portal\/index.php\/2019\/03\/20\/com-o-tema-a-agua-e-uma-so-o-tocantins-adere-a-semana-de-celebracao-do-dia-mundial-da-agua\/","title":{"rendered":"Com o tema &#8216;A \u00e1gua \u00e9 uma s\u00f3&#8217; o Tocantins adere \u00e0 semana de celebra\u00e7\u00e3o do Dia Mundial da \u00c1gua"},"content":{"rendered":"<p class=\"yiv8022674020MsoNormal\">A sensibiliza\u00e7\u00e3o para o cuidado e preserva\u00e7\u00e3o da \u00e1gua \u00e9 diretriz das a\u00e7\u00f5es do governo do Tocantins voltadas para os cursos h\u00eddricos existentes no Estado, por meio do Instituto Natureza do Tocantins (Naturatins).<\/p>\n<p class=\"yiv8022674020MsoNormal\">Em 2019, a semana de celebra\u00e7\u00f5es do Dia Mundial da \u00c1gua, comemorado na pr\u00f3xima sexta-feira, 22, ser\u00e1 dedicada \u00e0s orienta\u00e7\u00f5es realizadas pelas equipes locais do Instituto, em suas atividades de rotina ou junto aos \u00f3rg\u00e3os parceiros e representantes de comunidades das diferentes regi\u00f5es tocantinenses, para incentivo aos cuidados e economia desse recurso natural.<\/p>\n<p class=\"yiv8022674020MsoNormal\">Nesta quarta-feira, 20, o Naturatins inicia a semana de celebra\u00e7\u00e3o da \u00c1gua com a homenagem virtual a essa data para chamar aten\u00e7\u00e3o \u00e0 import\u00e2ncia da preserva\u00e7\u00e3o desse recurso natural e ao longo da semana, as equipes locais estar\u00e3o \u00e0 disposi\u00e7\u00e3o para atender convites de iniciativas municipais.<\/p>\n<p class=\"yiv8022674020MsoNormal\">Sob o tema &#8216;A \u00e1gua \u00e9 uma s\u00f3&#8217;, escolhido pela Organiza\u00e7\u00e3o das Na\u00e7\u00f5es Unidas (ONU) para esse ano e adotado pela Ag\u00eancia Nacional de \u00c1guas (ANA), no Tocantins, as campanhas e atividades de educa\u00e7\u00e3o ambiental v\u00e3o abordar a import\u00e2ncia da prote\u00e7\u00e3o dos mananciais e da coibi\u00e7\u00e3o de crimes ambientais nos cursos d&#8217;\u00e1gua e respectivas matas ciliares.<\/p>\n<p class=\"yiv8022674020MsoNormal\">Nos dias 21 e 22 de mar\u00e7o, a equipe de Educa\u00e7\u00e3o Ambiental do Naturatins vai contribuir com a palestra A educa\u00e7\u00e3o ambiental e sua import\u00e2ncia na preserva\u00e7\u00e3o das \u00e1guas no bioma cerrado, durante a celebra\u00e7\u00e3o do Dia Mundial da \u00c1gua realizada pela Secretaria Municipal do Meio Ambiente de Sandol\u00e2ndia. O evento acontecer\u00e1 na C\u00e2mara de Vereadores do munic\u00edpio e na oportunidade ser\u00e1 apresentada a Carta de Servi\u00e7os do Naturatins, para que a comunidade conhe\u00e7a outras atividades realizadas pelo Instituto, al\u00e9m da fiscaliza\u00e7\u00e3o.<\/p>\n<p class=\"yiv8022674020MsoNormal\">No domingo, 24, o Naturatins realiza o plantio simb\u00f3lico de 60 (sessenta) mudas de \u00e1rvores no Parque Estadual do Lajeado (PEL) em apoio ao evento realizado pela Secretaria Estadual de Meio Ambiente (Semarh).<\/p>\n<p class=\"yiv8022674020MsoNormal\">&#8220;Todo ano, as equipes do Naturatins refor\u00e7am o interc\u00e2mbio de conhecimento e a abordagem das recomenda\u00e7\u00f5es sobre o tema \u00e1gua, na semana de celebra\u00e7\u00e3o. S\u00e3o orienta\u00e7\u00f5es oferecidas durante atividades de rotina como blitz educativa ou rodas de conversa que acontecem durante a recep\u00e7\u00e3o dos visitantes nas unidades de conserva\u00e7\u00e3o de responsabilidade do Instituto&#8221;, destacou o presidente, Marcelo Falc\u00e3o, que complementou.<\/p>\n<p class=\"yiv8022674020MsoNormal\">&#8220;As equipes locais do Instituto tamb\u00e9m se disp\u00f5em a atender convites de \u00f3rg\u00e3os parceiros para realiza\u00e7\u00e3o de palestras e atividades de educa\u00e7\u00e3o ambiental nas escolas de comunidades urbanas, rurais e ind\u00edgenas, para falar sobre as \u00e1reas de preserva\u00e7\u00e3o e prote\u00e7\u00e3o ambiental. Al\u00e9m de contar com o apoio da divulga\u00e7\u00e3o realizada pelos meios de comunica\u00e7\u00e3o&#8221;, concluiu o presidente.<\/p>\n<p class=\"yiv8022674020MsoNormal\">&#8220;A preserva\u00e7\u00e3o de veredas, rios, afluentes e da fauna aqu\u00e1tica nas unidades de conserva\u00e7\u00e3o s\u00e3o algumas das abordagens realizadas no trabalho di\u00e1rio de educa\u00e7\u00e3o ambiental e de sensibiliza\u00e7\u00e3o das regras de visita\u00e7\u00e3o, criadas para prote\u00e7\u00e3o e equil\u00edbrio do ecossistema dos parques e monumento natural. Al\u00e9m das recomenda\u00e7\u00f5es para prote\u00e7\u00e3o da fauna, flora e demais riquezas naturais, na semana da \u00e1gua s\u00e3o intensificadas as orienta\u00e7\u00f5es oferecidas aos moradores da comunidade da regi\u00e3o, visitantes e turistas, sobre os aspectos h\u00eddricos que enfatizam a proibi\u00e7\u00e3o e os impactos das a\u00e7\u00f5es humanas nesse recurso natural&#8221;, pontuou o diretor de Biodiversidade e \u00c1reas Protegidas do Naturatins, Warley Rodrigues.<\/p>\n<p class=\"yiv8022674020MsoNormal\">&#8220;As recomenda\u00e7\u00f5es oferecidas pelas equipes do Naturatins em UCs s\u00e3o bem recebidas pelos frequentadores e turistas. A cada ano, algumas dessas unidades acumulam recordes de visita\u00e7\u00e3o de pesquisadores, acad\u00eamicos, estudantes e turistas de todo o pa\u00eds e at\u00e9 estrangeiros. Para que haja conserva\u00e7\u00e3o dos aspectos naturais peculiares de cada uma dessas \u00e1reas protegidas, o ordenamento do uso p\u00fablico e os regramentos decorrentes desse processo se fazem necess\u00e1rios&#8221;, relatou Carlos Carreira, gerente das Unidades de Conserva\u00e7\u00e3o do Instituto.<\/p>\n<p class=\"yiv8022674020MsoNormal\">O gerente de Suporte ao Desenvolvimento Socioecon\u00f4mico, Rodrigo Casado, considera as oficinas, palestras, rodas de conversa, que oferecem educa\u00e7\u00e3o ambiental para o p\u00fablico, uma forma preventiva de o Naturatins atuar na mitiga\u00e7\u00e3o de interfer\u00eancias que podem colocar em risco a preserva\u00e7\u00e3o ambiental. Ele ainda pontua que, preservar a \u00e1gua, proteger as matas ciliares, tratar dos cuidados necess\u00e1rios para evitar o risco de polui\u00e7\u00e3o e a morte de um curso h\u00eddrico tem rela\u00e7\u00e3o direta com o uso consciente, economia e qualidade desse recurso natural.<\/p>\n<p class=\"yiv8022674020MsoNormal\">O diretor de Gest\u00e3o e Regulariza\u00e7\u00e3o Ambiental do \u00f3rg\u00e3o, Manoel Souza, salientou que o licenciamento de empreendimentos que utilizam esse recurso natural busca manter o equil\u00edbrio ambiental do potencial h\u00eddrico, no atendimento do investimento produtivo que movimenta a economia e suprimento da demanda de consumo da popula\u00e7\u00e3o humana e demais esp\u00e9cies.<\/p>\n<p class=\"yiv8022674020MsoNormal\">Para o gerente de Controle e Uso dos Recursos H\u00eddricos, Luan Ribeiro, a gest\u00e3o das \u00e1guas \u00e9 um trabalho cont\u00ednuo, realizado sob o direcionamento da legisla\u00e7\u00e3o, observada as particularidades locais em cada per\u00edodo do ano. Os acordos re\u00fanem o consenso do di\u00e1logo e compromissos assumidos por parte das institui\u00e7\u00f5es e usu\u00e1rios. Contudo, apesar da estimativa de 12% da \u00e1gua doce mundial estar no Brasil, sendo 70% desse potencial na regi\u00e3o norte do pa\u00eds, \u00e9 preciso lembrar que esse \u00e9 um recurso limitado.<\/p>\n<p class=\"yiv8022674020MsoNormal\">&#8220;As atividades de monitoramento, inspe\u00e7\u00e3o ou fiscaliza\u00e7\u00e3o de inconformidade no corpo h\u00eddrico atua para mitiga\u00e7\u00e3o de pr\u00e1ticas que p\u00f5em em risco a qualidade desse bem comum. A abordagem tem a finalidade de apresentar as recomenda\u00e7\u00f5es e um prazo para corre\u00e7\u00e3o do problema, sujeito \u00e0 multa e penalidade&#8221;, esclareceu o diretor de Prote\u00e7\u00e3o e Qualidade Ambiental do Naturatins, Eliandro Gualberto.<\/p>\n<p class=\"yiv8022674020MsoNormal\">A \u00eanfase na celebra\u00e7\u00e3o do Dia Mundial da \u00c1gua tem como um dos principais objetivos, promover maior aten\u00e7\u00e3o a esse recurso natural, oportunizar o di\u00e1logo sobre o tema, gerar estrat\u00e9gias para prote\u00e7\u00e3o ambiental e colaborar com a qualidade de vida futura da popula\u00e7\u00e3o mundial.<\/p>\n<p class=\"yiv8022674020MsoNormal\"><b>Saiba mais<\/b><\/p>\n<p class=\"yiv8022674020MsoNormal\">Institu\u00edda na Assembleia Geral das Na\u00e7\u00f5es Unidas em 1993, essa data passou a ser dedicada anualmente para chamar aten\u00e7\u00e3o da popula\u00e7\u00e3o mundial sobre a import\u00e2ncia da \u00e1gua doce, como recurso natural essencial a sobreviv\u00eancia de todas as esp\u00e9cies, incluindo a humana. Desde ent\u00e3o, as iniciativas de sensibiliza\u00e7\u00e3o realizada ao longo de cada ano s\u00e3o intensificadas nesse per\u00edodo.<\/p>\n","protected":false},"excerpt":{"rendered":"<p>A sensibiliza\u00e7\u00e3o para o cuidado e preserva\u00e7\u00e3o da \u00e1gua \u00e9 diretriz das a\u00e7\u00f5es do governo do Tocantins voltadas para os cursos h\u00eddricos existentes no Estado, por meio do Instituto Natureza do Tocantins (Naturatins). Em 2019, a semana de celebra\u00e7\u00f5es do Dia Mundial da \u00c1gua, comemorado na pr\u00f3xima sexta-feira, 22, ser\u00e1 dedicada \u00e0s orienta\u00e7\u00f5es realizadas pelas [&hellip;]<\/p>\n","protected":false},"author":2,"featured_media":2821,"comment_status":"open","ping_status":"open","sticky":false,"template":"","format":"standard","meta":[],"categories":[2,3],"tags":[],"_links":{"self":[{"href":"https:\/\/dgospel.com.br\/portal\/index.php\/wp-json\/wp\/v2\/posts\/2820"}],"collection":[{"href":"https:\/\/dgospel.com.br\/portal\/index.php\/wp-json\/wp\/v2\/posts"}],"about":[{"href":"https:\/\/dgospel.com.br\/portal\/index.php\/wp-json\/wp\/v2\/types\/post"}],"author":[{"embeddable":true,"href":"https:\/\/dgospel.com.br\/portal\/index.php\/wp-json\/wp\/v2\/users\/2"}],"replies":[{"embeddable":true,"href":"https:\/\/dgospel.com.br\/portal\/index.php\/wp-json\/wp\/v2\/comments?post=2820"}],"version-history":[{"count":1,"href":"https:\/\/dgospel.com.br\/portal\/index.php\/wp-json\/wp\/v2\/posts\/2820\/revisions"}],"predecessor-version":[{"id":2822,"href":"https:\/\/dgospel.com.br\/portal\/index.php\/wp-json\/wp\/v2\/posts\/2820\/revisions\/2822"}],"wp:featuredmedia":[{"embeddable":true,"href":"https:\/\/dgospel.com.br\/portal\/index.php\/wp-json\/wp\/v2\/media\/2821"}],"wp:attachment":[{"href":"https:\/\/dgospel.com.br\/portal\/index.php\/wp-json\/wp\/v2\/media?parent=2820"}],"wp:term":[{"taxonomy":"category","embeddable":true,"href":"https:\/\/dgospel.com.br\/portal\/index.php\/wp-json\/wp\/v2\/categories?post=2820"},{"taxonomy":"post_tag","embeddable":true,"href":"https:\/\/dgospel.com.br\/portal\/index.php\/wp-json\/wp\/v2\/tags?post=2820"}],"curies":[{"name":"wp","href":"https:\/\/api.w.org\/{rel}","templated":true}]}}