{"id":2823,"date":"2019-03-20T10:22:27","date_gmt":"2019-03-20T13:22:27","guid":{"rendered":"http:\/\/dgospel.com.br\/portal\/?p=2823"},"modified":"2019-03-20T10:22:27","modified_gmt":"2019-03-20T13:22:27","slug":"mais-de-530-pessoas-com-deficiencia-adquiriram-veiculos-com-isencao-de-impostos-no-tocantins-em-2018","status":"publish","type":"post","link":"https:\/\/dgospel.com.br\/portal\/index.php\/2019\/03\/20\/mais-de-530-pessoas-com-deficiencia-adquiriram-veiculos-com-isencao-de-impostos-no-tocantins-em-2018\/","title":{"rendered":"Mais de 530 pessoas com defici\u00eancia adquiriram ve\u00edculos com isen\u00e7\u00e3o de impostos no Tocantins em 2018"},"content":{"rendered":"<p>Um total de 538 pessoas com defici\u00eancia adquiriram ve\u00edculos com isen\u00e7\u00e3o de impostos no Tocantins durante o ano de 2018. J\u00e1 neste ano, at\u00e9 o come\u00e7o do m\u00eas de mar\u00e7o, 54 pessoas com defici\u00eancias j\u00e1 foram beneficiadas\u00a0na aquisi\u00e7\u00e3o de ve\u00edculos automotores no estado.<\/p>\n<p>Pessoas com defici\u00eancia podem adquirir ve\u00edculos zero quil\u00f4metro com isen\u00e7\u00e3o total de Imposto sobre Circula\u00e7\u00e3o de Mercadorias e Servi\u00e7os (ICMS), Imposto sobre Produtos Industrializados\u00a0(IPI ) e Imposto sobre Opera\u00e7\u00f5es Financeiras (IOF) , desde que o pre\u00e7o do bem adquirido seja inferior a R$ 70 mil. Dentro desse teto, o cliente tamb\u00e9m tem direito a solicitar a isen\u00e7\u00e3o do Imposto sobre a Propriedade de Ve\u00edculos Automotores (IPVA).<\/p>\n<p>Um detalhe importante \u00e9 que para solicitar as isen\u00e7\u00f5es\u00a0n\u00e3o \u00e9 preciso ser o motorista do ve\u00edculo. T\u00eam direito ao beneficio deficientes f\u00edsicos, como portadores de paraplegia,\u00a0nanismo,\u00a0paralisia cerebral e amputados, desde que haja comprometimento da fun\u00e7\u00e3o f\u00edsica e a incapacidade total ou parcial para dirigir; deficientes visuais; e portadores de defici\u00eancia mental severa ou profunda. Tamb\u00e9m s\u00e3o cobertas enfermidades como tendinite cr\u00f4nica e problemas graves na coluna, quadril e joelho.<\/p>\n<p>A servidora p\u00fablica Marilda Amaral disse que vale a pena solicitar a isen\u00e7\u00e3o, pois o desconto \u00e9 bem razo\u00e1vel. \u201cNo meu caso, consegui um desconto em torno de R$ 17 mil\u201d, informou. J\u00e1 \u00e9 o segundo ve\u00edculo que Marilda compra com isen\u00e7\u00e3o de impostos. Na aquisi\u00e7\u00e3o do primeiro, h\u00e1 dois anos, o processo foi mais demorado, cerca de oito meses. Este ano, com a moderniza\u00e7\u00e3o do sistema da Receita Federal, demorou apenas tr\u00eas meses. Segundo ela, o processo inicia com o pedido de isen\u00e7\u00e3o junto \u00e0 Receita Federal. Com aprova\u00e7\u00e3o em m\u00e3os, \u00e9 poss\u00edvel solicitar a isen\u00e7\u00e3o junto aos \u00f3rg\u00e3os estaduais [Secretaria de Estado da Fazenda (Sefaz) e Departamento Estadual de Tr\u00e2nsito [Detran]\u201d.<\/p>\n<p><strong>Passo a Passo<\/strong><\/p>\n<p><strong>Passo 1 \u2013<\/strong>\u00a0Caso voc\u00ea seja o condutor \u00e9 necess\u00e1rio levar \u00e0 Junta M\u00e9dica do Detran laudo ou relat\u00f3rio do seu m\u00e9dico que comprove a patologia da limita\u00e7\u00e3o f\u00edsica (CID). Depois \u00e9 necess\u00e1rio solicitar a Carteira Nacional de Habilita\u00e7\u00e3o (CNH) especial &#8211; a CNH Especial ser\u00e1 solicitada em todos os processos de Isen\u00e7\u00f5es, sejam de IPI, IOF, ICMS ou IPVA. Nela dever\u00e3o constar suas restri\u00e7\u00f5es de dire\u00e7\u00e3o, ou seja, as adapta\u00e7\u00f5es necess\u00e1rias para que voc\u00ea possa conduzir um ve\u00edculo com seguran\u00e7a. (ver abaixo \u201cServi\u00e7os do Detran\u201d).<\/p>\n<p><strong>Passo 2 &#8211;<\/strong>\u00a0Com o laudo da per\u00edcia m\u00e9dica e a CNH especial em m\u00e3os, basta ir \u00e0 Secretaria da Receita Federal para requisitar a isen\u00e7\u00e3o de IPI\/IOF e autoriza\u00e7\u00e3o de compra.<\/p>\n<p><strong>Passo 3 &#8211;\u00a0<\/strong>Se o ve\u00edculo que voc\u00ea pretende adquirir custa at\u00e9 R$ 70 mil, voc\u00ea precisa entrar com processo de requisi\u00e7\u00e3o de isen\u00e7\u00e3o de ICMS na Sefaz.<\/p>\n<p><strong>Passo 4 &#8211;<\/strong>\u00a0Procure uma concession\u00e1ria e escolha o modelo do ve\u00edculo que voc\u00ea pretende comprar.<\/p>\n<p><strong>Passo 5 &#8211;\u00a0<\/strong>Quando voc\u00ea for at\u00e9 a concession\u00e1ria, n\u00e3o se esque\u00e7a de levar as cartas de isen\u00e7\u00e3o de IPI e de ICMS, laudo m\u00e9dico e documentos pessoais.<\/p>\n<p><strong>Passo 6 &#8211;<\/strong>\u00a0O faturamento do carro sempre ser\u00e1 em nome da pessoa benefici\u00e1ria da isen\u00e7\u00e3o do IPI. Mas o Pessoa com Defici\u00eancia (PcD) n\u00e3o condutor ou o representante legal poder\u00e1 indicar at\u00e9 tr\u00eas condutores.<\/p>\n<p><strong>Passo 7 &#8211;\u00a0<\/strong>Com o ve\u00edculo faturado, \u00e9 necess\u00e1rio que a pessoa d\u00ea entrada no processo de isen\u00e7\u00e3o de IPVA na Secretaria Estadual da Fazenda.<\/p>\n<p><strong>Servi\u00e7o do Detran<\/strong><\/p>\n<p><strong>Beneficiados:<\/strong>\u00a0Pessoas que possuem defici\u00eancia f\u00edsica, visual, mental severa ou profunda, ou autistas (confira mais detalhes:\u00a0<a href=\"http:\/\/www.planalto.gov.br\/ccivil_03\/decreto\/D3298.htm\" target=\"_blank\" rel=\"noopener\">www.planalto.gov.br\/ccivil_03\/decreto\/D3298.htm<\/a>), diretamente ou por interm\u00e9dio de seu representante legal t\u00eam direito a solicitar isen\u00e7\u00e3o de impostos. S\u00f3 vale para ve\u00edculos novos e, se vender antes de dois anos, tem que pagar os impostos.<\/p>\n<p><strong>CNH Especial:\u00a0<\/strong>Para adaptar a CNH especial \u00e9 preciso fazer uma renova\u00e7\u00e3o de exames. Passar pela junta m\u00e9dica, que ir\u00e1 avaliar se o motorista est\u00e1 apto a dirigir em sua condi\u00e7\u00e3o de acordo com a patologia e o n\u00edvel afetado.<\/p>\n<p><strong>Documentos necess\u00e1rios:<\/strong>\u00a0Formul\u00e1rio da Junta M\u00e9dica, c\u00f3pias e originais do Registro Geral (RG), Cadastro de Pessoa F\u00edsica (CPF), Carteira Nacional de Habilita\u00e7\u00e3o (CNH) e comprovante de endere\u00e7o, al\u00e9m de laudo ou relat\u00f3rio do seu m\u00e9dico que comprove a patologia da limita\u00e7\u00e3o f\u00edsica (CID).<\/p>\n<p><strong>Agendamento para avalia\u00e7\u00e3o:<\/strong>\u00a0O agendamento \u00e9 feito somente no Detran (sede), Bloco 3, de segunda a sexta-feira, em hor\u00e1rio comercial. O telefone para contato \u00e9 o (63) 3218-3065. O agendamento ocorre semanalmente, e ap\u00f3s a consulta, uma portaria \u00e9 publicada no Di\u00e1rio Oficial do Estado (DOE).<\/p>\n<p><strong>Prazo para finalizar todo o processo:<\/strong>\u00a0Em m\u00e9dia 30 dias, sendo que as cl\u00ednicas credenciadas t\u00eam o prazo de 10 dias para a entrega dos laudos m\u00e9dicos.<\/p>\n<p><strong>Custo financeiro:<\/strong>\u00a0Taxa do Detran R$ 85,57. Taxa da per\u00edcia R$ 700,00, nas cl\u00ednicas credenciadas pelo Detran.<\/p>\n","protected":false},"excerpt":{"rendered":"<p>Um total de 538 pessoas com defici\u00eancia adquiriram ve\u00edculos com isen\u00e7\u00e3o de impostos no Tocantins durante o ano de 2018. J\u00e1 neste ano, at\u00e9 o come\u00e7o do m\u00eas de mar\u00e7o, 54 pessoas com defici\u00eancias j\u00e1 foram beneficiadas\u00a0na aquisi\u00e7\u00e3o de ve\u00edculos automotores no estado. Pessoas com defici\u00eancia podem adquirir ve\u00edculos zero quil\u00f4metro com isen\u00e7\u00e3o total de [&hellip;]<\/p>\n","protected":false},"author":2,"featured_media":2824,"comment_status":"open","ping_status":"open","sticky":false,"template":"","format":"standard","meta":[],"categories":[2,4],"tags":[],"_links":{"self":[{"href":"https:\/\/dgospel.com.br\/portal\/index.php\/wp-json\/wp\/v2\/posts\/2823"}],"collection":[{"href":"https:\/\/dgospel.com.br\/portal\/index.php\/wp-json\/wp\/v2\/posts"}],"about":[{"href":"https:\/\/dgospel.com.br\/portal\/index.php\/wp-json\/wp\/v2\/types\/post"}],"author":[{"embeddable":true,"href":"https:\/\/dgospel.com.br\/portal\/index.php\/wp-json\/wp\/v2\/users\/2"}],"replies":[{"embeddable":true,"href":"https:\/\/dgospel.com.br\/portal\/index.php\/wp-json\/wp\/v2\/comments?post=2823"}],"version-history":[{"count":1,"href":"https:\/\/dgospel.com.br\/portal\/index.php\/wp-json\/wp\/v2\/posts\/2823\/revisions"}],"predecessor-version":[{"id":2825,"href":"https:\/\/dgospel.com.br\/portal\/index.php\/wp-json\/wp\/v2\/posts\/2823\/revisions\/2825"}],"wp:featuredmedia":[{"embeddable":true,"href":"https:\/\/dgospel.com.br\/portal\/index.php\/wp-json\/wp\/v2\/media\/2824"}],"wp:attachment":[{"href":"https:\/\/dgospel.com.br\/portal\/index.php\/wp-json\/wp\/v2\/media?parent=2823"}],"wp:term":[{"taxonomy":"category","embeddable":true,"href":"https:\/\/dgospel.com.br\/portal\/index.php\/wp-json\/wp\/v2\/categories?post=2823"},{"taxonomy":"post_tag","embeddable":true,"href":"https:\/\/dgospel.com.br\/portal\/index.php\/wp-json\/wp\/v2\/tags?post=2823"}],"curies":[{"name":"wp","href":"https:\/\/api.w.org\/{rel}","templated":true}]}}