{"id":2832,"date":"2019-03-20T10:38:52","date_gmt":"2019-03-20T13:38:52","guid":{"rendered":"http:\/\/dgospel.com.br\/portal\/?p=2832"},"modified":"2019-03-20T10:38:52","modified_gmt":"2019-03-20T13:38:52","slug":"ludmila-ferber-se-esta-guerra-nao-fosse-para-a-gloria-de-deus-eu-ja-tinha-desistido","status":"publish","type":"post","link":"https:\/\/dgospel.com.br\/portal\/index.php\/2019\/03\/20\/ludmila-ferber-se-esta-guerra-nao-fosse-para-a-gloria-de-deus-eu-ja-tinha-desistido\/","title":{"rendered":"Ludmila Ferber: \u201cSe esta guerra n\u00e3o fosse para a gl\u00f3ria de Deus eu j\u00e1 tinha desistido\u201d"},"content":{"rendered":"<div class=\"content-article\">\n<p>Desde que\u00a0<a href=\"https:\/\/guiame.com.br\/gospel\/mundo-cristao\/ludmila-ferber-fala-sobre-sua-luta-contra-o-cancer-estou-no-caminho-do-milagre.html\"><strong>anunciou<\/strong><\/a>\u00a0o tratamento contra um c\u00e2ncer no pulm\u00e3o, em maio de 2018, a cantora\u00a0<a href=\"https:\/\/guiame.com.br\/gospel\/videos\/o-unico-remedio-e-palavra-de-deus-ludmila-ferber-sobre-luta-contra-o-cancer.html\"><strong>Ludmila Ferber<\/strong><\/a>\u00a0se tornou um exemplo de f\u00e9 e supera\u00e7\u00e3o. Ela conta que chegou a passar pelo \u201cvale da sombra e da morte\u201d por duas vezes, mas continuou vivendo um milagre di\u00e1rio.<\/p>\n<p>\u201cSe esta guerra n\u00e3o fosse para a gl\u00f3ria de Deus eu j\u00e1 tinha desistido\u201d, disse Ludmila \u00e0 jornalista Ana Paula Arantes, do jornal Voz da Metr\u00f3pole. \u201cS\u00f3 quem passa por isso sabe o qu\u00e3o dif\u00edcil \u00e9\u201d.<\/p>\n<p>A cantora disse que muitos se assustam ao ver sua boa apar\u00eancia apesar da doen\u00e7a, mas s\u00f3 quem est\u00e1 perto sabe que ela enfrentou a morte pelo menos duas vezes desde o ano passado.<\/p>\n<p>\u201cMas eu n\u00e3o mostro isso\u201d, destacou. \u201cQuando voc\u00ea est\u00e1 lutando por sua vida, sentindo dor e sem for\u00e7as, voc\u00ea n\u00e3o tem disposi\u00e7\u00e3o para postar nada. Eu escolho as minhas guerras e entendo que eu preciso continuar lutando porque essa guerra n\u00e3o \u00e9 s\u00f3 minha, essa guerra \u00e9 para a gl\u00f3ria de Deus\u201d.<\/p>\n<p>Ela contou ainda que Deus a ajudou a confiar no milagre mesmo sem ver o resultado no laudo m\u00e9dico. \u201cPorque para mim, na tomografia da palavra de Deus, eu estou curada. Quando voc\u00ea pega e assume isso por revela\u00e7\u00e3o, as circunst\u00e2ncias mudam depois, mas o primeiro mover acontece dentro de voc\u00ea\u201d, afirma.<\/p>\n<p>Hoje, Ludmila quer ser uma voz prof\u00e9tica para as pessoas que est\u00e3o morrendo em diversas \u00e1reas da vida, seja a n\u00edvel f\u00edsico, emocional, financeiro ou familiar.<\/p>\n<p>\u201cDeus falou comigo, no meu particular. Eu sei que eu preciso profetizar, eu preciso ser esse arauto\u201d, revelou. \u201cN\u00f3s precisamos contagiar as pessoas com a gl\u00f3ria de Deus, com o poder de Deus, com f\u00e9, com esperan\u00e7a. Porque maior \u00e9 o que est\u00e1 em n\u00f3s do que do que aquilo que quer nos paralisar\u201d.<\/p>\n<p>Ela ainda trouxe uma mensagem de esperan\u00e7a: \u201cSeja qual for a situa\u00e7\u00e3o, sempre haver\u00e1 aquela voz maligna dizendo: \u2018Acabou, voc\u00ea n\u00e3o est\u00e1 vendo que n\u00e3o vai dar certo?\u2019 N\u00e3o importa como est\u00e3o as circunst\u00e2ncias, importa o qu\u00e3o Deus est\u00e1 dentro de n\u00f3s para nos libertar de ficar esperando que as coisas mudem para a gente ficar bem&#8221;.<\/p>\n<p>&nbsp;<\/p>\n<\/div>\n<p>FONTE: GUIAME<\/p>\n","protected":false},"excerpt":{"rendered":"<p>Desde que\u00a0anunciou\u00a0o tratamento contra um c\u00e2ncer no pulm\u00e3o, em maio de 2018, a cantora\u00a0Ludmila Ferber\u00a0se tornou um exemplo de f\u00e9 e supera\u00e7\u00e3o. Ela conta que chegou a passar pelo \u201cvale da sombra e da morte\u201d por duas vezes, mas continuou vivendo um milagre di\u00e1rio. \u201cSe esta guerra n\u00e3o fosse para a gl\u00f3ria de Deus eu [&hellip;]<\/p>\n","protected":false},"author":2,"featured_media":2833,"comment_status":"open","ping_status":"open","sticky":false,"template":"","format":"standard","meta":[],"categories":[2,5,6],"tags":[],"_links":{"self":[{"href":"https:\/\/dgospel.com.br\/portal\/index.php\/wp-json\/wp\/v2\/posts\/2832"}],"collection":[{"href":"https:\/\/dgospel.com.br\/portal\/index.php\/wp-json\/wp\/v2\/posts"}],"about":[{"href":"https:\/\/dgospel.com.br\/portal\/index.php\/wp-json\/wp\/v2\/types\/post"}],"author":[{"embeddable":true,"href":"https:\/\/dgospel.com.br\/portal\/index.php\/wp-json\/wp\/v2\/users\/2"}],"replies":[{"embeddable":true,"href":"https:\/\/dgospel.com.br\/portal\/index.php\/wp-json\/wp\/v2\/comments?post=2832"}],"version-history":[{"count":1,"href":"https:\/\/dgospel.com.br\/portal\/index.php\/wp-json\/wp\/v2\/posts\/2832\/revisions"}],"predecessor-version":[{"id":2834,"href":"https:\/\/dgospel.com.br\/portal\/index.php\/wp-json\/wp\/v2\/posts\/2832\/revisions\/2834"}],"wp:featuredmedia":[{"embeddable":true,"href":"https:\/\/dgospel.com.br\/portal\/index.php\/wp-json\/wp\/v2\/media\/2833"}],"wp:attachment":[{"href":"https:\/\/dgospel.com.br\/portal\/index.php\/wp-json\/wp\/v2\/media?parent=2832"}],"wp:term":[{"taxonomy":"category","embeddable":true,"href":"https:\/\/dgospel.com.br\/portal\/index.php\/wp-json\/wp\/v2\/categories?post=2832"},{"taxonomy":"post_tag","embeddable":true,"href":"https:\/\/dgospel.com.br\/portal\/index.php\/wp-json\/wp\/v2\/tags?post=2832"}],"curies":[{"name":"wp","href":"https:\/\/api.w.org\/{rel}","templated":true}]}}