{"id":2835,"date":"2019-03-21T22:07:08","date_gmt":"2019-03-22T01:07:08","guid":{"rendered":"http:\/\/dgospel.com.br\/portal\/?p=2835"},"modified":"2019-03-21T22:07:08","modified_gmt":"2019-03-22T01:07:08","slug":"michel-temer-e-preso-pela-forca-tarefa-da-lava-jato-do-rio-de-janeiro","status":"publish","type":"post","link":"https:\/\/dgospel.com.br\/portal\/index.php\/2019\/03\/21\/michel-temer-e-preso-pela-forca-tarefa-da-lava-jato-do-rio-de-janeiro\/","title":{"rendered":"Michel Temer \u00e9 preso pela for\u00e7a-tarefa da Lava Jato do Rio de Janeiro"},"content":{"rendered":"<p>O ex-presidente Michel Temer foi preso em S\u00e3o Paulo na manh\u00e3 desta quinta-feira (21) pela for\u00e7a-tarefa da Lava Jato do Rio de Janeiro. Os agentes tamb\u00e9m prenderam o ex-ministro Moreira Franco no Rio. A PF cumpre mais 10 mandados de pris\u00e3o, entre eles contra o coronel Jo\u00e3o Baptista Lima Filho, amigo de Temer.<\/p>\n<p>Temer foi abordado por policiais federais na rua, em S\u00e3o Paulo. Desde quarta-feira (20), a PF tentava rastrear e confirmar a localiza\u00e7\u00e3o de Temer, sem ter sucesso. Por isso, a opera\u00e7\u00e3o prevista para as primeiras horas da manh\u00e3 desta quinta-feira atrasou. A PF estava na porta da casa de Temer e, ao perceber a sa\u00edda de um carro do local, seguiu o ve\u00edculo e efetuou a pris\u00e3o.<\/p>\n<p>Preso, Temer foi levado para o Aeroporto de Guarulhos, onde vai embarcar em um voo e ser\u00e1 levado ao Rio de Janeiro em um avi\u00e3o da Pol\u00edcia Federal. O ex-presidente deve fazer exame de corpo de delito do IML em um local reservado e n\u00e3o deve ser levado \u00e0 sede da PF de S\u00e3o Paulo, na Lapa.<\/p>\n<p>Os mandados foram expedidos pelo juiz Marcelo Bretas, da 7\u00aa Vara Federal Criminal do Rio, respons\u00e1vel pela Lava Jato no Rio de Janeiro. A pris\u00e3o de Temer \u00e9 preventiva.<\/p>\n<p>Ao todo s\u00e3o dez mandados de pris\u00e3o: duas tempor\u00e1rias e oito preventivas. Agentes tamb\u00e9m cumprem 26 mandados de busca e apreens\u00e3o no Rio de Janeiro, em S\u00e3o Paulo, no Paran\u00e1 e no Distrito Federal.<\/p>\n<p>Michel Temer (PMDB) foi o 37\u00ba presidente da Rep\u00fablica do Brasil. Ele assumiu o cargo em 31 de agosto de 2016, ap\u00f3s o impeachment da presidente Dilma Rousseff, e encerrou o mandato em dezembro do ano passado.<\/p>\n<p>Temer foi eleito vice-presidente na chapa de Dilma por duas vezes consecutivas, e chegou a ser o coordenador pol\u00edtico da presidente, mas os dois se distanciaram logo no come\u00e7o do segundo mandato.<\/p>\n<p>Michel Temer \u00e9 formado em direito e come\u00e7ou a carreira p\u00fablica na d\u00e9cada de 1960, quando assumiu cargos no governo estadual de S\u00e3o Paulo. Na d\u00e9cada de 1980, ao final da ditadura militar, foi deputado constituinte e, alguns anos depois, foi eleito deputado federal quatro vezes seguidas. Chegou a ser presidente do PMDB por 15 anos.<\/p>\n<p>O ex-presidente Michel Temer responde a dez inqu\u00e9ritos. Cinco deles tramitavam no Supremo Tribunal Federal (STF), pois foram abertos no per\u00eddo em que o emedebista era presidente da Rep\u00fablica e foram encaminhados \u00e0 primeira inst\u00e2ncia depois que ele deixou o cargo. Os outros cinco foram autorizados pelo ministro Lu\u00eds Roberto Barroso em 2019, quando Temer j\u00e1 n\u00e3o tinha mais foro privilegiado. Por isso, assim que deu a autoriza\u00e7\u00e3o, o ministro enviou os inqu\u00e9ritos para a primeira inst\u00e2ncia.<\/p>\n<p>Entre outras investiga\u00e7\u00f5es, Temer \u00e9 um dos alvos da Lava Jato do Rio. O caso, que est\u00e1 com o juiz Marcelo Bretas, trata das den\u00fancias do delator Jos\u00e9 Antunes Sobrinho, dono da Engevix. O empres\u00e1rio disse \u00e0 Pol\u00edcia Federal que pagou R$ 1 milh\u00e3o em propina, a pedido do coronel Jo\u00e3o Baptista Lima Filho (amigo de Temer), do ex-ministro Moreira Franco e com o conhecimento do presidente Michel Temer. A Engevix fechou um contrato em um projeto da usina de Angra 3.<\/p>\n<p><strong>Quem Bretas mandou prender<\/strong><\/p>\n<p>&#8211;\u00a0<strong>Michel Miguel Elias Temer Lulia<\/strong>, ex-presidente &#8211; pris\u00e3o preventiva<br \/>\n&#8211;\u00a0<strong>Jo\u00e3o Batista Lima Filho (coronel Lima)<\/strong>, amigo de Temer e dono da Argeplan &#8211; pris\u00e3o preventiva<br \/>\n&#8211;\u00a0<strong>Othon Luiz Pinheiro da Silva<\/strong>, ex-presidente da Eletronuclear &#8211; pris\u00e3o preventiva<br \/>\n&#8211;\u00a0<strong>Wellington Moreira Franco<\/strong>, ex-ministro do governo Temer &#8211; pris\u00e3o preventiva<br \/>\n&#8211;\u00a0<strong>Maria Rita Fratezi<\/strong>, arquiteta e mulher do coronel Lima &#8211; pris\u00e3o preventiva<br \/>\n&#8211;\u00a0<strong>Carlos Alberto Costa<\/strong>, s\u00f3cio do coronel Lima na Argeplan &#8211; pris\u00e3o preventiva<br \/>\n&#8211;\u00a0<strong>Carlos Alberto Costa Filho<\/strong>, diretor da Argeplan e filho de Carlos Alberto Costa &#8211; pris\u00e3o preventiva<br \/>\n&#8211;\u00a0<strong>Vanderlei de Natale<\/strong>, s\u00f3cio da Construbase &#8211; pris\u00e3o preventiva<br \/>\n&#8211; Ana Cristina da Silva Toniolo &#8211; pris\u00e3o preventiva<br \/>\n&#8211; Carlos Alberto Montenegro Gallo &#8211; pris\u00e3o preventiva<br \/>\n&#8211; Rodrigo Castro Alves Neves &#8211; pris\u00e3o tempor\u00e1ria<br \/>\n&#8211; Carlos Jorge Zimmermann &#8211; pris\u00e3o tempor\u00e1ria<\/p>\n<p><strong>Com informa\u00e7\u00f5es do G1<\/strong><\/p>\n","protected":false},"excerpt":{"rendered":"<p>O ex-presidente Michel Temer foi preso em S\u00e3o Paulo na manh\u00e3 desta quinta-feira (21) pela for\u00e7a-tarefa da Lava Jato do Rio de Janeiro. Os agentes tamb\u00e9m prenderam o ex-ministro Moreira Franco no Rio. A PF cumpre mais 10 mandados de pris\u00e3o, entre eles contra o coronel Jo\u00e3o Baptista Lima Filho, amigo de Temer. Temer foi [&hellip;]<\/p>\n","protected":false},"author":2,"featured_media":2836,"comment_status":"open","ping_status":"open","sticky":false,"template":"","format":"standard","meta":[],"categories":[2,6,4],"tags":[],"_links":{"self":[{"href":"https:\/\/dgospel.com.br\/portal\/index.php\/wp-json\/wp\/v2\/posts\/2835"}],"collection":[{"href":"https:\/\/dgospel.com.br\/portal\/index.php\/wp-json\/wp\/v2\/posts"}],"about":[{"href":"https:\/\/dgospel.com.br\/portal\/index.php\/wp-json\/wp\/v2\/types\/post"}],"author":[{"embeddable":true,"href":"https:\/\/dgospel.com.br\/portal\/index.php\/wp-json\/wp\/v2\/users\/2"}],"replies":[{"embeddable":true,"href":"https:\/\/dgospel.com.br\/portal\/index.php\/wp-json\/wp\/v2\/comments?post=2835"}],"version-history":[{"count":1,"href":"https:\/\/dgospel.com.br\/portal\/index.php\/wp-json\/wp\/v2\/posts\/2835\/revisions"}],"predecessor-version":[{"id":2837,"href":"https:\/\/dgospel.com.br\/portal\/index.php\/wp-json\/wp\/v2\/posts\/2835\/revisions\/2837"}],"wp:featuredmedia":[{"embeddable":true,"href":"https:\/\/dgospel.com.br\/portal\/index.php\/wp-json\/wp\/v2\/media\/2836"}],"wp:attachment":[{"href":"https:\/\/dgospel.com.br\/portal\/index.php\/wp-json\/wp\/v2\/media?parent=2835"}],"wp:term":[{"taxonomy":"category","embeddable":true,"href":"https:\/\/dgospel.com.br\/portal\/index.php\/wp-json\/wp\/v2\/categories?post=2835"},{"taxonomy":"post_tag","embeddable":true,"href":"https:\/\/dgospel.com.br\/portal\/index.php\/wp-json\/wp\/v2\/tags?post=2835"}],"curies":[{"name":"wp","href":"https:\/\/api.w.org\/{rel}","templated":true}]}}