{"id":2841,"date":"2019-03-23T10:10:21","date_gmt":"2019-03-23T13:10:21","guid":{"rendered":"http:\/\/dgospel.com.br\/portal\/?p=2841"},"modified":"2019-03-23T10:10:21","modified_gmt":"2019-03-23T13:10:21","slug":"brasil-vota-a-favor-de-israel-no-conselho-de-direitos-humanos-da-onu","status":"publish","type":"post","link":"https:\/\/dgospel.com.br\/portal\/index.php\/2019\/03\/23\/brasil-vota-a-favor-de-israel-no-conselho-de-direitos-humanos-da-onu\/","title":{"rendered":"Brasil vota a favor de Israel no Conselho de Direitos Humanos da ONU"},"content":{"rendered":"<p>Sob nova orienta\u00e7\u00e3o em sua diplomacia, o Brasil votou contra uma resolu\u00e7\u00e3o favor\u00e1vel ao regime da\u00a0<strong><a href=\"https:\/\/guiame.com.br\/gospel\/noticias\/estado-islamico-sera-apagado-do-mapa-em-questao-de-horas-diz-trump.html\">S\u00edria<\/a>\u00a0<\/strong>e que condena Israel por viola\u00e7\u00f5es aos direitos humanos em sua \u201cocupa\u00e7\u00e3o\u201d das\u00a0<strong><a href=\"https:\/\/guiame.com.br\/gospel\/israel\/eua-reconhecem-soberania-de-israel-sobre-colinas-de-gola.html\">Colinas de Gol\u00e3<\/a><\/strong>. O territ\u00f3rio foi anexado por Israel ap\u00f3s ser atacado simultaneamente por tr\u00eas pa\u00edses durante a Guerra dos Seis Dias, em 1967.<\/p>\n<p>Uma das resolu\u00e7\u00f5es rejeitadas pelo Brasil pedia justi\u00e7a diante de supostas viola\u00e7\u00f5es e crimes por parte de Israel em conflitos registrados em 2018 em Gaza.<\/p>\n<div class=\"teads-inread\">\n<div>\n<div class=\"teads-ui-components-label\">Um relat\u00f3rio de 250 p\u00e1ginas dizia que \u201cas for\u00e7as de seguran\u00e7a de Israel cometeram viola\u00e7\u00f5es de direitos humanos e de direito humanit\u00e1rio e que estas viola\u00e7\u00f5es podem constituir crimes de guerra ou crimes contra a humanidade\u201d.<\/div>\n<\/div>\n<\/div>\n<p>O Brasil votou a favor da cria\u00e7\u00e3o da investiga\u00e7\u00e3o internacional, ainda em maio de 2018 e sob o governo de\u00a0<strong><a href=\"https:\/\/guiame.com.br\/gospel\/noticias\/michel-temer-e-preso-em-operacao-da-lava-jato-no-rio-de-janeiro.html\">Michel Temer.<\/a><\/strong>\u00a0Mas, na gest\u00e3o de Bolsonaro, decidiu votar contra. Apenas oito pa\u00edses votaram contra a resolu\u00e7\u00e3o. O Brasil foi o \u00fanico latino-americano a tomar tal atitude. Ao lado de Bolsonaro estavam tradicionais aliados dos EUA, como Ucr\u00e2nia e Austr\u00e1lia, al\u00e9m do governo de extrema-direita de Viktor Orban, da Hungria.<\/p>\n<p>O ministro das Rela\u00e7\u00f5es Exteriores\u00a0<strong><a href=\"https:\/\/guiame.com.br\/gospel\/noticias\/fe-crista-e-aproximacao-com-israel-sao-defendidas-por-chanceler-brasileiro.html\">Ernesto Ara\u00fajo<\/a><\/strong>\u00a0elogiou a vota\u00e7\u00e3o do Brasil pr\u00f3-Israel em sua conta no Twitter. \u201cApoiar o tratamento discriminat\u00f3rio contra Israel na ONU era uma tradi\u00e7\u00e3o da pol\u00edtica externa brasileira dos \u00faltimos tempos. Estamos rompendo com essa tradi\u00e7\u00e3o esp\u00faria e injusta, assim como estamos rompendo com a tradi\u00e7\u00e3o do antiamericanismo, do terceiromundismo e tantas outras\u201d, escreveu o chanceler.<\/p>\n<p>O deputado\u00a0<strong><a href=\"https:\/\/guiame.com.br\/gospel\/noticias\/eduardo-bolsonaro-se-reune-com-governo-trump-e-confirma-mudanca-de-embaixada-em-israel.html\">Eduardo Bolsonaro<\/a><\/strong>, que preside a Comiss\u00e3o de Rela\u00e7\u00f5es Exteriores da C\u00e2mara Federal demonstrou sua aprova\u00e7\u00e3o \u00e0 nova diplomacia. \u201cParab\u00e9ns ao Brasil, que ap\u00f3s muito tempo votou a favor de Israel, que ontem enfrentou na Comiss\u00e3o de Direitos Humanos da ONU uma tentativa de puni\u00e7\u00e3o por ter reagido a ataques terroristas. Brasil votou junto com Israel, Austr\u00e1lia, EUA, \u00c1ustria, Hungria, dentre outros\u201d, escreveu no Twiiter.<\/p>\n<p>Segundo o UOL, desde 2006, 29 resolu\u00e7\u00f5es contra Israel foram colocadas \u00e0 vota\u00e7\u00e3o no Conselho de Direitos Humanos da ONU.<\/p>\n<p>Os diferentes presidentes do Brasil \u2013 Lula da Silva, Dilma Rousseff e Michel Temer \u2013 votaram a favor de todas elas.<\/p>\n<p>No final do m\u00eas,\u00a0<strong><a href=\"https:\/\/guiame.com.br\/gospel\/israel\/bolsonaro-visitara-jerusalem-no-dia-31-de-marco.html\">Jair Bolsonaro cumpre sua terceira agenda<\/a><\/strong>\u00a0oficial como presidente do Brasil com a visita a Israel.<\/p>\n<p>FONTE: GUIAME, COM INFORMA\u00c7\u00d5ES DO UOL<\/p>\n","protected":false},"excerpt":{"rendered":"<p>Sob nova orienta\u00e7\u00e3o em sua diplomacia, o Brasil votou contra uma resolu\u00e7\u00e3o favor\u00e1vel ao regime da\u00a0S\u00edria\u00a0e que condena Israel por viola\u00e7\u00f5es aos direitos humanos em sua \u201cocupa\u00e7\u00e3o\u201d das\u00a0Colinas de Gol\u00e3. O territ\u00f3rio foi anexado por Israel ap\u00f3s ser atacado simultaneamente por tr\u00eas pa\u00edses durante a Guerra dos Seis Dias, em 1967. Uma das resolu\u00e7\u00f5es rejeitadas [&hellip;]<\/p>\n","protected":false},"author":2,"featured_media":2842,"comment_status":"open","ping_status":"open","sticky":false,"template":"","format":"standard","meta":[],"categories":[2,10,5],"tags":[],"_links":{"self":[{"href":"https:\/\/dgospel.com.br\/portal\/index.php\/wp-json\/wp\/v2\/posts\/2841"}],"collection":[{"href":"https:\/\/dgospel.com.br\/portal\/index.php\/wp-json\/wp\/v2\/posts"}],"about":[{"href":"https:\/\/dgospel.com.br\/portal\/index.php\/wp-json\/wp\/v2\/types\/post"}],"author":[{"embeddable":true,"href":"https:\/\/dgospel.com.br\/portal\/index.php\/wp-json\/wp\/v2\/users\/2"}],"replies":[{"embeddable":true,"href":"https:\/\/dgospel.com.br\/portal\/index.php\/wp-json\/wp\/v2\/comments?post=2841"}],"version-history":[{"count":1,"href":"https:\/\/dgospel.com.br\/portal\/index.php\/wp-json\/wp\/v2\/posts\/2841\/revisions"}],"predecessor-version":[{"id":2843,"href":"https:\/\/dgospel.com.br\/portal\/index.php\/wp-json\/wp\/v2\/posts\/2841\/revisions\/2843"}],"wp:featuredmedia":[{"embeddable":true,"href":"https:\/\/dgospel.com.br\/portal\/index.php\/wp-json\/wp\/v2\/media\/2842"}],"wp:attachment":[{"href":"https:\/\/dgospel.com.br\/portal\/index.php\/wp-json\/wp\/v2\/media?parent=2841"}],"wp:term":[{"taxonomy":"category","embeddable":true,"href":"https:\/\/dgospel.com.br\/portal\/index.php\/wp-json\/wp\/v2\/categories?post=2841"},{"taxonomy":"post_tag","embeddable":true,"href":"https:\/\/dgospel.com.br\/portal\/index.php\/wp-json\/wp\/v2\/tags?post=2841"}],"curies":[{"name":"wp","href":"https:\/\/api.w.org\/{rel}","templated":true}]}}