{"id":2850,"date":"2019-03-23T10:32:31","date_gmt":"2019-03-23T13:32:31","guid":{"rendered":"http:\/\/dgospel.com.br\/portal\/?p=2850"},"modified":"2019-03-23T10:32:31","modified_gmt":"2019-03-23T13:32:31","slug":"juiz-evangelico-citou-a-biblia-antes-de-decretar-prisao-de-temer","status":"publish","type":"post","link":"https:\/\/dgospel.com.br\/portal\/index.php\/2019\/03\/23\/juiz-evangelico-citou-a-biblia-antes-de-decretar-prisao-de-temer\/","title":{"rendered":"Juiz evang\u00e9lico citou a B\u00edblia antes de decretar pris\u00e3o de Temer"},"content":{"rendered":"<p>No dia em que assinou o pedido de pris\u00e3o do ex-presidente Michel Temer, o juiz federal Marcelo Bretas postou em sua conta no Twitter a foto de uma constru\u00e7\u00e3o arruinada, citando um vers\u00edculo do livro b\u00edblico dos Prov\u00e9rbios: \u201cA soberba precede a ru\u00edna, e a altivez do esp\u00edrito precede a queda\u201d.<\/p>\n<p>Juiz da Lava Jato no Rio e respons\u00e1vel pela 7\u00aa Vara Criminal de Justi\u00e7a Federal na cidade, Bretas \u00e9 ass\u00edduo nas redes sociais.<\/p>\n<p>Os verbetes b\u00edblicos que costuma compartilhar denotam o evang\u00e9lico fiel que \u00e9 \u2013 mas tamb\u00e9m seu perfil, com recados e provoca\u00e7\u00f5es impl\u00edcitas em suas cita\u00e7\u00f5es crist\u00e3s e frases de efeito.<\/p>\n<p>\u201cViver com obedi\u00eancia a princ\u00edpios \u00e9ticos e morais n\u00e3o \u00e9 f\u00e1cil, mas vale muito a pena\u201d, postou na v\u00e9spera da pris\u00e3o de Temer. \u201cH\u00e1 uma \u2018batalha\u2019 em curso, uma disputa entre o certo e o errado, o justo e o injusto. Assim \u00e9 a vida, em todos os tempos\u2026\u201d, pregou na semana passada.<\/p>\n<p>Nesta quinta-feira, a pedido da For\u00e7a Tarefa da Lava Jato no Rio de Janeiro e com autoriza\u00e7\u00e3o do juiz de 49 anos, a Pol\u00edcia Federal\u00a0<strong><a href=\"https:\/\/folhagospel.com\/michel-temer-e-preso\/\" target=\"_blank\" rel=\"noreferrer noopener\" aria-label=\"prendeu o ex-presidente Michel Temer (opens in a new tab)\">prendeu o ex-presidente Michel Temer<\/a><\/strong>(MDB) \u2013 o segundo chefe de Estado brasileiro, depois do ex-presidente Luiz In\u00e1cio Lula da Silva (PT), a ser preso.<\/p>\n<p>Bretas ganhou notoriedade como o \u201cS\u00e9rgio Moro carioca\u201d, com sua trajet\u00f3ria marcada por pris\u00f5es de figuras poderosas como o ex-governador do Rio S\u00e9rgio Cabral (MDB) e o empres\u00e1rio Eike Batista, outrora o homem mais rico do Brasil.<\/p>\n<p>O magistrado nasceu em Nil\u00f3polis, na Baixada Fluminense, na regi\u00e3o metropolitana do Rio. \u00c9 casado com a ju\u00edza Simone Diniz Bretas, que conheceu nos tempos de estudante de Direito da Universidade Federal do Rio de Janeiro (UFRJ). O casal tem dois filhos adolescentes.<\/p>\n<p>O juiz \u00e9 evang\u00e9lico, frequentador da Comunidade Evang\u00e9lica Internacional da Zona Sul, no bairro do Flamengo, onde vive. \u00c9 torcedor do time hom\u00f4nimo, e costuma postar fotos com a camiseta rubro-negra.<\/p>\n<p>Tem um irm\u00e3o pastor e citou um vers\u00edculo da B\u00edblia \u2013 retirado do livro de Eclesiastes \u2013 na decis\u00e3o que autorizou a opera\u00e7\u00e3o Calicute, quando Cabral foi preso, em novembro de 2016. Diz separar trabalho e religi\u00e3o, mas a B\u00edblia est\u00e1 sempre \u00e0 m\u00e3o para consultas.<\/p>\n<p>Como hobby, gosta de tocar bateria e tem evidente prazer por malhar, como demonstra em sua conta no Instagram: na academia, se exibe para fotos no espelho, como a que postou recentemente expondo os bra\u00e7os, de camisa regata.<\/p>\n<p>Para um advogado que prefere n\u00e3o se identificar, a religiosidade e um \u201csenso de justiceiro\u201d interferem na atua\u00e7\u00e3o de Bretas como juiz, que considera \u201cdesequilibrada\u201d.<\/p>\n<p>\u201cEle tem a B\u00edblia sobre a mesa, e n\u00e3o a Constitui\u00e7\u00e3o Federal\u201d, afirma. \u201cEle julga as pessoas como se fosse emiss\u00e1rio de uma divindade, decidindo se perdoa ou n\u00e3o perdoa\u201d, critica.<\/p>\n<p>Procurado pela BBC News Brasil, Bretas afirmou n\u00e3o ser um bom momento para se pronunciar. O juiz \u00e9 avesso a entrevistas \u2013 mas costuma ser acess\u00edvel a jornalistas. Responde a mensagens pelo WhatsApp e conversa informalmente com rep\u00f3rteres antes das audi\u00eancias na 7\u00aa Vara Criminal no Rio, que costuma ficar lotada para os inqu\u00e9ritos mais relevantes \u2013 como os m\u00faltiplos interrogat\u00f3rios que j\u00e1 fez com o ex-governador S\u00e9rgio Cabral.<\/p>\n<p>Costuma tratar os r\u00e9us com humanidade e permitir que familiares estejam presentes nas audi\u00eancias. Em 2018, permitiu que Cabral conhecesse o neto de tr\u00eas meses durante audi\u00eancia, autorizando um encontro reservado de alguns minutos do ent\u00e3o r\u00e9u com a fam\u00edlia. Em outras ocasi\u00f5es, permitiu que Cabral conversasse por alguns minutos com sua mulher, Adriana Ancelmo.<\/p>\n<p><strong>Fonte: BBC News<\/strong><\/p>\n","protected":false},"excerpt":{"rendered":"<p>No dia em que assinou o pedido de pris\u00e3o do ex-presidente Michel Temer, o juiz federal Marcelo Bretas postou em sua conta no Twitter a foto de uma constru\u00e7\u00e3o arruinada, citando um vers\u00edculo do livro b\u00edblico dos Prov\u00e9rbios: \u201cA soberba precede a ru\u00edna, e a altivez do esp\u00edrito precede a queda\u201d. Juiz da Lava Jato [&hellip;]<\/p>\n","protected":false},"author":2,"featured_media":2851,"comment_status":"open","ping_status":"open","sticky":false,"template":"","format":"standard","meta":[],"categories":[2,6,4],"tags":[],"_links":{"self":[{"href":"https:\/\/dgospel.com.br\/portal\/index.php\/wp-json\/wp\/v2\/posts\/2850"}],"collection":[{"href":"https:\/\/dgospel.com.br\/portal\/index.php\/wp-json\/wp\/v2\/posts"}],"about":[{"href":"https:\/\/dgospel.com.br\/portal\/index.php\/wp-json\/wp\/v2\/types\/post"}],"author":[{"embeddable":true,"href":"https:\/\/dgospel.com.br\/portal\/index.php\/wp-json\/wp\/v2\/users\/2"}],"replies":[{"embeddable":true,"href":"https:\/\/dgospel.com.br\/portal\/index.php\/wp-json\/wp\/v2\/comments?post=2850"}],"version-history":[{"count":1,"href":"https:\/\/dgospel.com.br\/portal\/index.php\/wp-json\/wp\/v2\/posts\/2850\/revisions"}],"predecessor-version":[{"id":2852,"href":"https:\/\/dgospel.com.br\/portal\/index.php\/wp-json\/wp\/v2\/posts\/2850\/revisions\/2852"}],"wp:featuredmedia":[{"embeddable":true,"href":"https:\/\/dgospel.com.br\/portal\/index.php\/wp-json\/wp\/v2\/media\/2851"}],"wp:attachment":[{"href":"https:\/\/dgospel.com.br\/portal\/index.php\/wp-json\/wp\/v2\/media?parent=2850"}],"wp:term":[{"taxonomy":"category","embeddable":true,"href":"https:\/\/dgospel.com.br\/portal\/index.php\/wp-json\/wp\/v2\/categories?post=2850"},{"taxonomy":"post_tag","embeddable":true,"href":"https:\/\/dgospel.com.br\/portal\/index.php\/wp-json\/wp\/v2\/tags?post=2850"}],"curies":[{"name":"wp","href":"https:\/\/api.w.org\/{rel}","templated":true}]}}