{"id":2854,"date":"2019-03-27T09:47:26","date_gmt":"2019-03-27T12:47:26","guid":{"rendered":"http:\/\/dgospel.com.br\/portal\/?p=2854"},"modified":"2019-03-27T09:47:26","modified_gmt":"2019-03-27T12:47:26","slug":"governo-vai-ajudar-estados-e-municipios-a-recuperarem-poder-fiscal-afirma-guedes","status":"publish","type":"post","link":"https:\/\/dgospel.com.br\/portal\/index.php\/2019\/03\/27\/governo-vai-ajudar-estados-e-municipios-a-recuperarem-poder-fiscal-afirma-guedes\/","title":{"rendered":"Governo vai ajudar estados e munic\u00edpios a recuperarem poder fiscal, afirma Guedes"},"content":{"rendered":"<p>O ministro da Economia, Paulo Guedes, disse nesta ter\u00e7a-feira (26) que o governo federal est\u00e1 empenhado em ajudar estados e munic\u00edpios a recuperarem seu poder fiscal. O an\u00fancio foi feito em uma reuni\u00e3o do F\u00f3rum de Governadores, no Pal\u00e1cio do Buriti, em Bras\u00edlia.<\/p>\n<p>Segundo Guedes, \u00e9 important\u00edssimo dar agilidade no processo de aprova\u00e7\u00e3o da Nova Previd\u00eancia, para que o governo retome outras agendas que v\u00e3o auxiliar os estados e munic\u00edpios. No encontro, os governadores apresentaram algumas reivindica\u00e7\u00f5es, como a divis\u00e3o da cess\u00e3o onerosa, a libera\u00e7\u00e3o das verbas dos Fundos Constitucionais e a revis\u00e3o da Lei Kandir.<\/p>\n<p>O ministro disse tamb\u00e9m que a equipe econ\u00f4mica est\u00e1 disposta em lan\u00e7ar medidas para socorro financeiro dos estados, como o Plano de Equil\u00edbrio Financeiro (PEF), coordenado pelo secret\u00e1rio do Tesouro Nacional, Mansueto Almeida. Al\u00e9m disso, Guedes comentou sobre as privatiza\u00e7\u00f5es como uma forma de socorro \u00e0s receitas estaduais.<\/p>\n<p>A expectativa, segundo os governadores, \u00e9 que a proposta de recupera\u00e7\u00e3o fiscal e a de reforma da Previd\u00eancia sejam aprovados at\u00e9 o come\u00e7o do pr\u00f3ximo semestre.<\/p>\n<p>Um acordo entre governo e oposi\u00e7\u00e3o evitou a vota\u00e7\u00e3o do requerimento para convocar o ministro da Economia, Paulo Guedes, \u00e0 Comiss\u00e3o de Constitui\u00e7\u00e3o e Justi\u00e7a (CCJ) da C\u00e2mara dos Deputados. Os integrantes da CCJ concordaram em adiar para 3 de abril, quarta-feira da pr\u00f3xima semana, a ida do ministro como convidado.<\/p>\n<p>A audi\u00eancia p\u00fablica com juristas do governo, da oposi\u00e7\u00e3o e independentes para discutir a legalidade da reforma da Previd\u00eancia foi adiada para o dia seguinte, 4 de abril. O encontro estava previsto para esta quarta-feira (27).<\/p>\n","protected":false},"excerpt":{"rendered":"<p>O ministro da Economia, Paulo Guedes, disse nesta ter\u00e7a-feira (26) que o governo federal est\u00e1 empenhado em ajudar estados e munic\u00edpios a recuperarem seu poder fiscal. O an\u00fancio foi feito em uma reuni\u00e3o do F\u00f3rum de Governadores, no Pal\u00e1cio do Buriti, em Bras\u00edlia. Segundo Guedes, \u00e9 important\u00edssimo dar agilidade no processo de aprova\u00e7\u00e3o da Nova [&hellip;]<\/p>\n","protected":false},"author":2,"featured_media":2855,"comment_status":"open","ping_status":"open","sticky":false,"template":"","format":"standard","meta":[],"categories":[2,6,4],"tags":[],"_links":{"self":[{"href":"https:\/\/dgospel.com.br\/portal\/index.php\/wp-json\/wp\/v2\/posts\/2854"}],"collection":[{"href":"https:\/\/dgospel.com.br\/portal\/index.php\/wp-json\/wp\/v2\/posts"}],"about":[{"href":"https:\/\/dgospel.com.br\/portal\/index.php\/wp-json\/wp\/v2\/types\/post"}],"author":[{"embeddable":true,"href":"https:\/\/dgospel.com.br\/portal\/index.php\/wp-json\/wp\/v2\/users\/2"}],"replies":[{"embeddable":true,"href":"https:\/\/dgospel.com.br\/portal\/index.php\/wp-json\/wp\/v2\/comments?post=2854"}],"version-history":[{"count":1,"href":"https:\/\/dgospel.com.br\/portal\/index.php\/wp-json\/wp\/v2\/posts\/2854\/revisions"}],"predecessor-version":[{"id":2856,"href":"https:\/\/dgospel.com.br\/portal\/index.php\/wp-json\/wp\/v2\/posts\/2854\/revisions\/2856"}],"wp:featuredmedia":[{"embeddable":true,"href":"https:\/\/dgospel.com.br\/portal\/index.php\/wp-json\/wp\/v2\/media\/2855"}],"wp:attachment":[{"href":"https:\/\/dgospel.com.br\/portal\/index.php\/wp-json\/wp\/v2\/media?parent=2854"}],"wp:term":[{"taxonomy":"category","embeddable":true,"href":"https:\/\/dgospel.com.br\/portal\/index.php\/wp-json\/wp\/v2\/categories?post=2854"},{"taxonomy":"post_tag","embeddable":true,"href":"https:\/\/dgospel.com.br\/portal\/index.php\/wp-json\/wp\/v2\/tags?post=2854"}],"curies":[{"name":"wp","href":"https:\/\/api.w.org\/{rel}","templated":true}]}}