{"id":2862,"date":"2019-03-27T10:20:53","date_gmt":"2019-03-27T13:20:53","guid":{"rendered":"http:\/\/dgospel.com.br\/portal\/?p=2862"},"modified":"2019-03-27T10:20:53","modified_gmt":"2019-03-27T13:20:53","slug":"carlesse-defende-maior-participacao-dos-estados-na-distribuicao-das-receitas","status":"publish","type":"post","link":"https:\/\/dgospel.com.br\/portal\/index.php\/2019\/03\/27\/carlesse-defende-maior-participacao-dos-estados-na-distribuicao-das-receitas\/","title":{"rendered":"Carlesse defende maior participa\u00e7\u00e3o dos estados na distribui\u00e7\u00e3o das receitas"},"content":{"rendered":"<p>O governador do Tocantins, Mauro Carlesse, voltou a defender uma maior participa\u00e7\u00e3o dos Estados na divis\u00e3o das receitas por parte do Governo Federal. O governador tocantinense entende ser necess\u00e1rio um novo Pacto Federativo, para que a participa\u00e7\u00e3o dos estados e dos munic\u00edpios seja maior na distribui\u00e7\u00e3o dos recursos a esses entes.<\/p>\n<p>\u201cVoltamos a defender uma maior divis\u00e3o desses recursos, pois s\u00e3o os estados e munic\u00edpios que atendem diretamente as necessidades da popula\u00e7\u00e3o e atualmente encontram-se em situa\u00e7\u00e3o muito dif\u00edcil\u201d, disse o governador nesta ter\u00e7a-feira, 26, ap\u00f3s participar de mais uma edi\u00e7\u00e3o do F\u00f3rum de Governadores, realizado em Bras\u00edlia.<\/p>\n<p>Tamb\u00e9m foram pautas da reuni\u00e3o as desonera\u00e7\u00f5es de obriga\u00e7\u00f5es or\u00e7ament\u00e1rias e a reforma da Previd\u00eancia. Na avalia\u00e7\u00e3o do governador, esta foi mais uma reuni\u00e3o positiva, pois dela sa\u00edram encaminhamentos que, em breve, ser\u00e3o transformadas em a\u00e7\u00f5es pr\u00e1ticas. \u201cEssas discuss\u00f5es servem para formar\u00a0um consenso entre os governadores na defesa de pautas de interesse dos estados. Nosso objetivo \u00e9 melhorar a condi\u00e7\u00e3o econ\u00f4mica dos estados para a retomada do desenvolvimento do Brasil\u201d, afirmou.<\/p>\n<p>Ainda de acordo com o governador, h\u00e1 a expectativa de, em 30 dias, o Governo Federal apresentar uma proposta de incentivo aos estados que est\u00e3o realizando a recupera\u00e7\u00e3o das contas p\u00fablicas, como \u00e9 o caso do Tocantins. \u201cAinda est\u00e1 em fase de estudos, mas possivelmente, em 30 dias, o Governo Federal deve apresentar um Projeto de Lei que visa financiar os estados, de acordo com o planejamento de economia dos gastos. Seria um financiamento de um percentual do que \u00e9 projetado de economia. E esse recurso seria utilizado para investimentos e serviria para a recupera\u00e7\u00e3o da economia\u201d, explicou.<\/p>\n","protected":false},"excerpt":{"rendered":"<p>O governador do Tocantins, Mauro Carlesse, voltou a defender uma maior participa\u00e7\u00e3o dos Estados na divis\u00e3o das receitas por parte do Governo Federal. O governador tocantinense entende ser necess\u00e1rio um novo Pacto Federativo, para que a participa\u00e7\u00e3o dos estados e dos munic\u00edpios seja maior na distribui\u00e7\u00e3o dos recursos a esses entes. \u201cVoltamos a defender uma [&hellip;]<\/p>\n","protected":false},"author":2,"featured_media":2863,"comment_status":"open","ping_status":"open","sticky":false,"template":"","format":"standard","meta":[],"categories":[2,4],"tags":[],"_links":{"self":[{"href":"https:\/\/dgospel.com.br\/portal\/index.php\/wp-json\/wp\/v2\/posts\/2862"}],"collection":[{"href":"https:\/\/dgospel.com.br\/portal\/index.php\/wp-json\/wp\/v2\/posts"}],"about":[{"href":"https:\/\/dgospel.com.br\/portal\/index.php\/wp-json\/wp\/v2\/types\/post"}],"author":[{"embeddable":true,"href":"https:\/\/dgospel.com.br\/portal\/index.php\/wp-json\/wp\/v2\/users\/2"}],"replies":[{"embeddable":true,"href":"https:\/\/dgospel.com.br\/portal\/index.php\/wp-json\/wp\/v2\/comments?post=2862"}],"version-history":[{"count":1,"href":"https:\/\/dgospel.com.br\/portal\/index.php\/wp-json\/wp\/v2\/posts\/2862\/revisions"}],"predecessor-version":[{"id":2864,"href":"https:\/\/dgospel.com.br\/portal\/index.php\/wp-json\/wp\/v2\/posts\/2862\/revisions\/2864"}],"wp:featuredmedia":[{"embeddable":true,"href":"https:\/\/dgospel.com.br\/portal\/index.php\/wp-json\/wp\/v2\/media\/2863"}],"wp:attachment":[{"href":"https:\/\/dgospel.com.br\/portal\/index.php\/wp-json\/wp\/v2\/media?parent=2862"}],"wp:term":[{"taxonomy":"category","embeddable":true,"href":"https:\/\/dgospel.com.br\/portal\/index.php\/wp-json\/wp\/v2\/categories?post=2862"},{"taxonomy":"post_tag","embeddable":true,"href":"https:\/\/dgospel.com.br\/portal\/index.php\/wp-json\/wp\/v2\/tags?post=2862"}],"curies":[{"name":"wp","href":"https:\/\/api.w.org\/{rel}","templated":true}]}}