{"id":2865,"date":"2019-03-27T10:23:45","date_gmt":"2019-03-27T13:23:45","guid":{"rendered":"http:\/\/dgospel.com.br\/portal\/?p=2865"},"modified":"2019-03-27T10:23:45","modified_gmt":"2019-03-27T13:23:45","slug":"democracia-e-saude-sao-temas-de-conferencia-em-palmas","status":"publish","type":"post","link":"https:\/\/dgospel.com.br\/portal\/index.php\/2019\/03\/27\/democracia-e-saude-sao-temas-de-conferencia-em-palmas\/","title":{"rendered":"Democracia e Sa\u00fade s\u00e3o temas de confer\u00eancia em Palmas"},"content":{"rendered":"<p>O secret\u00e1rio de Estado da Sa\u00fade, Renato Jayme, participou na tarde desta ter\u00e7a-feira, 26, da abertura oficial da 11\u00aa\u00a0Confer\u00eancia Municipal de Sa\u00fade de Palmas. O evento faz parte do calend\u00e1rio de confer\u00eancias que debater\u00e3o o Sistema \u00danico de Sa\u00fade (SUS)\u00a0em todo o pa\u00eds e ser\u00e1 realizado em todos os munic\u00edpios tocantinenses. O evento da Capital \u00e9 resultado dos debates ocorridos nos bairros da cidade e elenca tr\u00eas eixos de debates: direito como sa\u00fade,\u00a0consolida\u00e7\u00e3o do SUS, e financiamento do SUS.<\/p>\n<p>\u201cEste \u00e9 um momento que nos leva a despertar, a termos um olhar diferente para os problemas que atingem a sa\u00fade p\u00fablica e nos ajuda a construir, de forma coletiva, as solu\u00e7\u00f5es e os pap\u00e9is de todos os envolvidos, na consolida\u00e7\u00e3o de um SUS cada dia melhor. Tenho certeza que\u00a0daqui, assim como os demais munic\u00edpios, todos receber\u00e3o est\u00edmulo suficiente para perseguirmos uma sa\u00fade p\u00fablica mais fortalecida\u201d, afirmou Renato Jayme.<\/p>\n<p>Segundo o secret\u00e1rio municipal de Sa\u00fade de Palmas, Daniel Borini Zemuner, \u201catualmente, h\u00e1 um entrave em rela\u00e7\u00e3o aos poucos recursos que temos para investir em sa\u00fade, mas precisamos atentar para as amea\u00e7as nacionais que existem ao SUS, como a aprova\u00e7\u00e3o da emenda constitucional 95, que congela os gastos com sa\u00fade por 20 anos e ainda a desvincula\u00e7\u00e3o de recursos, que acaba com o m\u00ednimo garantido de investimento na sa\u00fade p\u00fablica do pa\u00eds\u201d, destacou.<\/p>\n<p>Tamb\u00e9m presente, a promotora de Justi\u00e7a, Maria Roseli de Almeida Pery, parabenizou a organiza\u00e7\u00e3o e relembrou o despertar para os cuidados com o SUS. \u201cOlhar a plen\u00e1ria cheia\u00a0nos faz feliz em saber que h\u00e1 tantas pessoas envolvidas e dispostas a discutir a sa\u00fade p\u00fablica, fato que \u00e9 de suma import\u00e2ncia para a popula\u00e7\u00e3o usu\u00e1ria do SUS\u201d, enfatizou.<\/p>\n<p>Respons\u00e1vel pela organiza\u00e7\u00e3o do evento, o presidente do Conselho Municipal de Sa\u00fade (CMS), Ant\u00f4nio Granjeiro Saraiva, homenageou Rosely Pery pela dedica\u00e7\u00e3o aos cuidados com a sa\u00fade p\u00fablica e \u00e0 parceria com o poder executivo, no sentido de promover um atendimento cada dia melhor \u00e0 popula\u00e7\u00e3o de Palmas.<\/p>\n<p>O presidente do Conselho Estadual de Sa\u00fade, M\u00e1rio Ben\u00edcio dos Santos, convocou os presentes a \u201cbrigarmos pelo SUS, porque ele pode morrer com privatiza\u00e7\u00f5es. Vamos debater e buscar alternativas para que ele seja melhorado e sobreviva a todas as dificuldades que enfrenta. Para isso, todos est\u00e3o de agora convidados para a Confer\u00eancia Estadual que acontecer\u00e1 nos dias 5 e 6 de julho, em Palmas\u201d, finalizou.<\/p>\n","protected":false},"excerpt":{"rendered":"<p>O secret\u00e1rio de Estado da Sa\u00fade, Renato Jayme, participou na tarde desta ter\u00e7a-feira, 26, da abertura oficial da 11\u00aa\u00a0Confer\u00eancia Municipal de Sa\u00fade de Palmas. O evento faz parte do calend\u00e1rio de confer\u00eancias que debater\u00e3o o Sistema \u00danico de Sa\u00fade (SUS)\u00a0em todo o pa\u00eds e ser\u00e1 realizado em todos os munic\u00edpios tocantinenses. O evento da Capital [&hellip;]<\/p>\n","protected":false},"author":2,"featured_media":2866,"comment_status":"open","ping_status":"open","sticky":false,"template":"","format":"standard","meta":[],"categories":[2,3],"tags":[],"_links":{"self":[{"href":"https:\/\/dgospel.com.br\/portal\/index.php\/wp-json\/wp\/v2\/posts\/2865"}],"collection":[{"href":"https:\/\/dgospel.com.br\/portal\/index.php\/wp-json\/wp\/v2\/posts"}],"about":[{"href":"https:\/\/dgospel.com.br\/portal\/index.php\/wp-json\/wp\/v2\/types\/post"}],"author":[{"embeddable":true,"href":"https:\/\/dgospel.com.br\/portal\/index.php\/wp-json\/wp\/v2\/users\/2"}],"replies":[{"embeddable":true,"href":"https:\/\/dgospel.com.br\/portal\/index.php\/wp-json\/wp\/v2\/comments?post=2865"}],"version-history":[{"count":1,"href":"https:\/\/dgospel.com.br\/portal\/index.php\/wp-json\/wp\/v2\/posts\/2865\/revisions"}],"predecessor-version":[{"id":2867,"href":"https:\/\/dgospel.com.br\/portal\/index.php\/wp-json\/wp\/v2\/posts\/2865\/revisions\/2867"}],"wp:featuredmedia":[{"embeddable":true,"href":"https:\/\/dgospel.com.br\/portal\/index.php\/wp-json\/wp\/v2\/media\/2866"}],"wp:attachment":[{"href":"https:\/\/dgospel.com.br\/portal\/index.php\/wp-json\/wp\/v2\/media?parent=2865"}],"wp:term":[{"taxonomy":"category","embeddable":true,"href":"https:\/\/dgospel.com.br\/portal\/index.php\/wp-json\/wp\/v2\/categories?post=2865"},{"taxonomy":"post_tag","embeddable":true,"href":"https:\/\/dgospel.com.br\/portal\/index.php\/wp-json\/wp\/v2\/tags?post=2865"}],"curies":[{"name":"wp","href":"https:\/\/api.w.org\/{rel}","templated":true}]}}