{"id":2878,"date":"2019-03-27T13:33:35","date_gmt":"2019-03-27T16:33:35","guid":{"rendered":"http:\/\/dgospel.com.br\/portal\/?p=2878"},"modified":"2019-03-27T13:33:35","modified_gmt":"2019-03-27T16:33:35","slug":"frente-evangelica-elege-silas-camara-como-novo-lider","status":"publish","type":"post","link":"https:\/\/dgospel.com.br\/portal\/index.php\/2019\/03\/27\/frente-evangelica-elege-silas-camara-como-novo-lider\/","title":{"rendered":"Frente Evang\u00e9lica elege Silas C\u00e2mara como novo l\u00edder"},"content":{"rendered":"<p>A Frente Parlamentar Evang\u00e9lica elegeu, na manh\u00e3 desta quarta-feira (27), o deputado Silas C\u00e2mara (PRB-AM) como o novo l\u00edder. Durante discurso, o parlamentar refor\u00e7ou o apoio ao presidente Jair Bolsonaro.<\/p>\n<p>Al\u00e9m disso, o deputado se comprometeu a lutar para que a bancada volte \u201c\u00e0 sua origem, que \u00e9 defender os costumes ligados aos c\u00e9us, \u00e0 fam\u00edlia\u201d.<\/p>\n<p>Entre as pautas sens\u00edveis \u00e0 bancada evang\u00e9lica est\u00e3o o projeto Escola Sem Partido, o Estatuto do Nascituro, o Estatuto da Fam\u00edlia e a abordagem da \u00e1rea da educa\u00e7\u00e3o sobre temas ligados a g\u00eanero.<\/p>\n<p>Silas tamb\u00e9m \u00e9 pastor da Assembleia de Deus e casado com a deputada Ant\u00f4nia Lucia (PSC-AC).<\/p>\n<p>Fonte:\u00a0Pleno.News<\/p>\n","protected":false},"excerpt":{"rendered":"<p>A Frente Parlamentar Evang\u00e9lica elegeu, na manh\u00e3 desta quarta-feira (27), o deputado Silas C\u00e2mara (PRB-AM) como o novo l\u00edder. Durante discurso, o parlamentar refor\u00e7ou o apoio ao presidente Jair Bolsonaro. Al\u00e9m disso, o deputado se comprometeu a lutar para que a bancada volte \u201c\u00e0 sua origem, que \u00e9 defender os costumes ligados aos c\u00e9us, \u00e0 [&hellip;]<\/p>\n","protected":false},"author":2,"featured_media":2879,"comment_status":"open","ping_status":"open","sticky":false,"template":"","format":"standard","meta":[],"categories":[2,5,6],"tags":[],"_links":{"self":[{"href":"https:\/\/dgospel.com.br\/portal\/index.php\/wp-json\/wp\/v2\/posts\/2878"}],"collection":[{"href":"https:\/\/dgospel.com.br\/portal\/index.php\/wp-json\/wp\/v2\/posts"}],"about":[{"href":"https:\/\/dgospel.com.br\/portal\/index.php\/wp-json\/wp\/v2\/types\/post"}],"author":[{"embeddable":true,"href":"https:\/\/dgospel.com.br\/portal\/index.php\/wp-json\/wp\/v2\/users\/2"}],"replies":[{"embeddable":true,"href":"https:\/\/dgospel.com.br\/portal\/index.php\/wp-json\/wp\/v2\/comments?post=2878"}],"version-history":[{"count":1,"href":"https:\/\/dgospel.com.br\/portal\/index.php\/wp-json\/wp\/v2\/posts\/2878\/revisions"}],"predecessor-version":[{"id":2880,"href":"https:\/\/dgospel.com.br\/portal\/index.php\/wp-json\/wp\/v2\/posts\/2878\/revisions\/2880"}],"wp:featuredmedia":[{"embeddable":true,"href":"https:\/\/dgospel.com.br\/portal\/index.php\/wp-json\/wp\/v2\/media\/2879"}],"wp:attachment":[{"href":"https:\/\/dgospel.com.br\/portal\/index.php\/wp-json\/wp\/v2\/media?parent=2878"}],"wp:term":[{"taxonomy":"category","embeddable":true,"href":"https:\/\/dgospel.com.br\/portal\/index.php\/wp-json\/wp\/v2\/categories?post=2878"},{"taxonomy":"post_tag","embeddable":true,"href":"https:\/\/dgospel.com.br\/portal\/index.php\/wp-json\/wp\/v2\/tags?post=2878"}],"curies":[{"name":"wp","href":"https:\/\/api.w.org\/{rel}","templated":true}]}}