{"id":288,"date":"2018-05-22T08:52:50","date_gmt":"2018-05-22T11:52:50","guid":{"rendered":"http:\/\/dgospel.com.br\/portal\/?p=288"},"modified":"2018-05-22T08:52:50","modified_gmt":"2018-05-22T11:52:50","slug":"centenario-prefeito-vice-prefeito-e-vereadores-fecham-apoio-ao-vicentinho-alves","status":"publish","type":"post","link":"https:\/\/dgospel.com.br\/portal\/index.php\/2018\/05\/22\/centenario-prefeito-vice-prefeito-e-vereadores-fecham-apoio-ao-vicentinho-alves\/","title":{"rendered":"Centen\u00e1rio: Prefeito, vice-prefeito e vereadores fecham apoio ao Vicentinho Alves"},"content":{"rendered":"<p>Prefeito, vice-prefeito e seis vereadores de Centen\u00e1rio declararam apoio a candidatura de Vicentinho Alves (PR) ao governo do Estado. Esta \u00e9 mais uma importante ades\u00e3o vinda do interior para a coliga\u00e7\u00e3o A vez dos Tocantinenses.<\/p>\n<p>&nbsp;<\/p>\n<p>Wesley Camilo, prefeito de Centen\u00e1rio informou que escolheu apoiar o Vicentinho por acreditar que ele \u00e9 a melhor op\u00e7\u00e3o. \u201cConfio na experi\u00eancia de Vicentinho, acredito nesta proposta de governo municipalista. Vicentinho \u00e9 experiente e \u00e9 o \u00fanico candidato que realmente conhece o nosso estado,\u201ddestacou.<\/p>\n<p>&nbsp;<\/p>\n<p>O senador Vicentinho comemorou a vinda de mais estas lideran\u00e7as. \u201c\u00c9 muito importante para n\u00f3s todas estas ades\u00f5es. Prometo honrar cada apoio recebido, cada voto de confian\u00e7a.\u201d<\/p>\n<p>&nbsp;<\/p>\n","protected":false},"excerpt":{"rendered":"<p>Prefeito, vice-prefeito e seis vereadores de Centen\u00e1rio declararam apoio a candidatura de Vicentinho Alves (PR) ao governo do Estado. Esta \u00e9 mais uma importante ades\u00e3o vinda do interior para a coliga\u00e7\u00e3o A vez dos Tocantinenses. &nbsp; Wesley Camilo, prefeito de Centen\u00e1rio informou que escolheu apoiar o Vicentinho por acreditar que ele \u00e9 a melhor op\u00e7\u00e3o. [&hellip;]<\/p>\n","protected":false},"author":2,"featured_media":289,"comment_status":"open","ping_status":"open","sticky":false,"template":"","format":"standard","meta":[],"categories":[2,4],"tags":[],"_links":{"self":[{"href":"https:\/\/dgospel.com.br\/portal\/index.php\/wp-json\/wp\/v2\/posts\/288"}],"collection":[{"href":"https:\/\/dgospel.com.br\/portal\/index.php\/wp-json\/wp\/v2\/posts"}],"about":[{"href":"https:\/\/dgospel.com.br\/portal\/index.php\/wp-json\/wp\/v2\/types\/post"}],"author":[{"embeddable":true,"href":"https:\/\/dgospel.com.br\/portal\/index.php\/wp-json\/wp\/v2\/users\/2"}],"replies":[{"embeddable":true,"href":"https:\/\/dgospel.com.br\/portal\/index.php\/wp-json\/wp\/v2\/comments?post=288"}],"version-history":[{"count":1,"href":"https:\/\/dgospel.com.br\/portal\/index.php\/wp-json\/wp\/v2\/posts\/288\/revisions"}],"predecessor-version":[{"id":290,"href":"https:\/\/dgospel.com.br\/portal\/index.php\/wp-json\/wp\/v2\/posts\/288\/revisions\/290"}],"wp:featuredmedia":[{"embeddable":true,"href":"https:\/\/dgospel.com.br\/portal\/index.php\/wp-json\/wp\/v2\/media\/289"}],"wp:attachment":[{"href":"https:\/\/dgospel.com.br\/portal\/index.php\/wp-json\/wp\/v2\/media?parent=288"}],"wp:term":[{"taxonomy":"category","embeddable":true,"href":"https:\/\/dgospel.com.br\/portal\/index.php\/wp-json\/wp\/v2\/categories?post=288"},{"taxonomy":"post_tag","embeddable":true,"href":"https:\/\/dgospel.com.br\/portal\/index.php\/wp-json\/wp\/v2\/tags?post=288"}],"curies":[{"name":"wp","href":"https:\/\/api.w.org\/{rel}","templated":true}]}}