{"id":2884,"date":"2019-04-01T15:56:46","date_gmt":"2019-04-01T18:56:46","guid":{"rendered":"http:\/\/dgospel.com.br\/portal\/?p=2884"},"modified":"2019-04-02T10:53:22","modified_gmt":"2019-04-02T13:53:22","slug":"enem-2019-candidatos-ja-podem-solicitar-isencao-de-taxa-de-inscricao","status":"publish","type":"post","link":"https:\/\/dgospel.com.br\/portal\/index.php\/2019\/04\/01\/enem-2019-candidatos-ja-podem-solicitar-isencao-de-taxa-de-inscricao\/","title":{"rendered":"Enem 2019: Candidatos j\u00e1 podem solicitar isen\u00e7\u00e3o de taxa de inscri\u00e7\u00e3o"},"content":{"rendered":"<p>A partir desta segunda-feira (1\u00ba), os candidatos do Exame Nacional do Ensino M\u00e9dio (Enem) 2019 poder\u00e3o pedir a isen\u00e7\u00e3o da taxa de inscri\u00e7\u00e3o, que \u00e9 de R$ 85. O pedido pode ser feito at\u00e9 10 de abril.<\/p>\n<p>Segundo o Instituto Nacional de Estudos e Pesquisas Educacionais An\u00edsio Teixeira (Inep), s\u00f3 ter\u00e3o direito \u00e0 gratuidade os estudantes que cursaram o \u00faltimo ano ou todo o ensino m\u00e9dio na rede p\u00fablica, al\u00e9m daqueles que estudaram em escola particular na condi\u00e7\u00e3o de bolsista integral.<\/p>\n<p>Esses participantes ter\u00e3o de comprovar, com documentos, as respectivas condi\u00e7\u00f5es sociais. Caso algu\u00e9m informar dados falsos, sofrer\u00e1 elimina\u00e7\u00e3o do exame. O resultado da isen\u00e7\u00e3o ser\u00e1 divulgado no site do Enem, no dia 17 de abril. Mesmo com o benef\u00edcio, o candidato tamb\u00e9m precisa fazer a inscri\u00e7\u00e3o regular.<\/p>\n<p><strong>Inscri\u00e7\u00f5es<\/strong><\/p>\n<p>As inscri\u00e7\u00f5es para o Enem ser\u00e3o feitas entre os dias 6 e 17 de maio. Os candidatos devem pagar a taxa de inscri\u00e7\u00e3o entre os dias 6 a 23 de maio.<\/p>\n<p>Com dura\u00e7\u00e3o de 5h30, o primeiro dia de prova, no dia de 3 de novembro, ter\u00e1 conte\u00fados de linguagens, c\u00f3digos e suas tecnologias, reda\u00e7\u00e3o e ci\u00eancias humanas e suas tecnologias.<\/p>\n<p>No segundo exame, no domingo seguinte, ser\u00e1 cobrado ci\u00eancias da natureza e suas tecnologias e matem\u00e1tica e suas tecnologias. A prova ter\u00e1 5h de dura\u00e7\u00e3o.<br \/>\nNovidades desta edi\u00e7\u00e3o<\/p>\n<p>Vale lembrar que neste ano, a equipe do Enem vai revistar os lanches dos candidatos. Outra novidade \u00e9 para os surdos, deficientes auditivos e surdo-cegos, que poder\u00e3o indicar, na inscri\u00e7\u00e3o, se usam aparelho auditivo ou implante coclear. O gabarito ser\u00e1 divulgado em 13 de novembro, e o resultado sai em janeiro de 2020.<\/p>\n<p>&nbsp;<\/p>\n","protected":false},"excerpt":{"rendered":"<p>A partir desta segunda-feira (1\u00ba), os candidatos do Exame Nacional do Ensino M\u00e9dio (Enem) 2019 poder\u00e3o pedir a isen\u00e7\u00e3o da taxa de inscri\u00e7\u00e3o, que \u00e9 de R$ 85. O pedido pode ser feito at\u00e9 10 de abril. Segundo o Instituto Nacional de Estudos e Pesquisas Educacionais An\u00edsio Teixeira (Inep), s\u00f3 ter\u00e3o direito \u00e0 gratuidade os [&hellip;]<\/p>\n","protected":false},"author":2,"featured_media":2908,"comment_status":"open","ping_status":"open","sticky":false,"template":"","format":"standard","meta":[],"categories":[2,6,4],"tags":[],"_links":{"self":[{"href":"https:\/\/dgospel.com.br\/portal\/index.php\/wp-json\/wp\/v2\/posts\/2884"}],"collection":[{"href":"https:\/\/dgospel.com.br\/portal\/index.php\/wp-json\/wp\/v2\/posts"}],"about":[{"href":"https:\/\/dgospel.com.br\/portal\/index.php\/wp-json\/wp\/v2\/types\/post"}],"author":[{"embeddable":true,"href":"https:\/\/dgospel.com.br\/portal\/index.php\/wp-json\/wp\/v2\/users\/2"}],"replies":[{"embeddable":true,"href":"https:\/\/dgospel.com.br\/portal\/index.php\/wp-json\/wp\/v2\/comments?post=2884"}],"version-history":[{"count":1,"href":"https:\/\/dgospel.com.br\/portal\/index.php\/wp-json\/wp\/v2\/posts\/2884\/revisions"}],"predecessor-version":[{"id":2886,"href":"https:\/\/dgospel.com.br\/portal\/index.php\/wp-json\/wp\/v2\/posts\/2884\/revisions\/2886"}],"wp:featuredmedia":[{"embeddable":true,"href":"https:\/\/dgospel.com.br\/portal\/index.php\/wp-json\/wp\/v2\/media\/2908"}],"wp:attachment":[{"href":"https:\/\/dgospel.com.br\/portal\/index.php\/wp-json\/wp\/v2\/media?parent=2884"}],"wp:term":[{"taxonomy":"category","embeddable":true,"href":"https:\/\/dgospel.com.br\/portal\/index.php\/wp-json\/wp\/v2\/categories?post=2884"},{"taxonomy":"post_tag","embeddable":true,"href":"https:\/\/dgospel.com.br\/portal\/index.php\/wp-json\/wp\/v2\/tags?post=2884"}],"curies":[{"name":"wp","href":"https:\/\/api.w.org\/{rel}","templated":true}]}}