{"id":2887,"date":"2019-04-02T10:04:56","date_gmt":"2019-04-02T13:04:56","guid":{"rendered":"http:\/\/dgospel.com.br\/portal\/?p=2887"},"modified":"2019-04-02T10:04:56","modified_gmt":"2019-04-02T13:04:56","slug":"carlesse-recebe-maes-de-associacoes-de-autistas-e-propoe-acoes-para-facilitar-a-inclusao-nas-escolas","status":"publish","type":"post","link":"https:\/\/dgospel.com.br\/portal\/index.php\/2019\/04\/02\/carlesse-recebe-maes-de-associacoes-de-autistas-e-propoe-acoes-para-facilitar-a-inclusao-nas-escolas\/","title":{"rendered":"Carlesse recebe m\u00e3es de associa\u00e7\u00f5es de autistas e prop\u00f5e a\u00e7\u00f5es para facilitar a inclus\u00e3o nas escolas"},"content":{"rendered":"<p>O governador Mauro Carlesse recebeu,na manh\u00e3 desta segunda-feira, 1\u00ba de abril, as representantes da Associa\u00e7\u00e3o Anjo Azul de Palmas, Mileni Stefanini, e da Associa\u00e7\u00e3o Mundo Singular de Gurupi, Fl\u00e1via Marra, para abordar a import\u00e2ncia do acesso \u00e0 educa\u00e7\u00e3o por pessoas com Transtorno do Espectro Autista (TEA).<\/p>\n<p>Na rede estadual de ensino, s\u00e3o 160 pessoas matriculadas com o TEA, nas grades do ensino regular fundamental e m\u00e9dio. Os estudantes disp\u00f5em tamb\u00e9m de Atendimento Educacional Especializado (AEE) em salas de recursos multifuncionais e de atendimento em escolas especiais da Associa\u00e7\u00e3o de Pais e Amigos dos Excepcionais (Apae), por meio de conv\u00eanio com a Secretaria de Estado da Educa\u00e7\u00e3o, Juventude e Esporte (Seduc).<\/p>\n<p>Segundo as representantes das associa\u00e7\u00f5es, o Estado possui atualmente 550 pessoas com laudos m\u00e9dicos de autismo, mas esse n\u00famero n\u00e3o representa a quantidade existente, pois muitas fam\u00edlias carentes e em regi\u00f5es de dif\u00edcil acesso aos profissionais neurologistas e psiquiatras seguem sem o atestado m\u00e9dico, o que dificulta o seu direcionamento e desenvolvimento.<\/p>\n<p>Presente na reuni\u00e3o, a titular da Seduc, Adriana Aguiar, tamb\u00e9m ressaltou a import\u00e2ncia do laudo m\u00e9dico para a inclus\u00e3o do aluno autista. \u201cHoje, temos o atendimento especial e direcionado para o aluno autista, mas ainda existem lacunas que s\u00f3 podem ser preenchidas pelo atestado do profissional. Muitas fam\u00edlias querem um professor capacitado e exclusivo e a rede estadual de ensino, por regulamenta\u00e7\u00e3o, s\u00f3 pode dispor mediante este laudo\u201d, explicou.<\/p>\n<p>Para o governador Mauro Carlesse, a falta de um laudo n\u00e3o deveria ser impedimento para levar a educa\u00e7\u00e3o a uma crian\u00e7a com autismo. \u201cSe o problema \u00e9 o laudo m\u00e9dico, o Estado vai buscar a viabilidade de levar a equipe m\u00e9dica de neurologista e psiquiatra at\u00e9 as fam\u00edlias. Com uma comitiva para elaborar o atestado, a Educa\u00e7\u00e3o poder\u00e1 fazer um plano de trabalho que possa melhor atender ao aluno especial\u201d, afirmou.<\/p>\n<p>A a\u00e7\u00e3o proposta pelo governador vai envolver a Sa\u00fade e a Educa\u00e7\u00e3o, que v\u00e3o trabalhar em um plano de atendimento m\u00e9dico regionalizado para diagn\u00f3stico e emiss\u00e3o de laudos dos casos existentes, seguido de um plano de a\u00e7\u00e3o e inclus\u00e3o elaborado pela Seduc, que inclusive contempla a forma\u00e7\u00e3o de professores.<\/p>\n<p>Al\u00e9m do governador Mauro Carlesse, da titular da Seduc, Adriana Aguiar, e das representantes da Associa\u00e7\u00e3o Anjo Azul, Mileni Stefanini, e da Associa\u00e7\u00e3o Mundo Singular, Fl\u00e1via Marra, o secret\u00e1rio de Estado da Sa\u00fade, Renato Jayme, tamb\u00e9m participou da reuni\u00e3o.<\/p>\n","protected":false},"excerpt":{"rendered":"<p>O governador Mauro Carlesse recebeu,na manh\u00e3 desta segunda-feira, 1\u00ba de abril, as representantes da Associa\u00e7\u00e3o Anjo Azul de Palmas, Mileni Stefanini, e da Associa\u00e7\u00e3o Mundo Singular de Gurupi, Fl\u00e1via Marra, para abordar a import\u00e2ncia do acesso \u00e0 educa\u00e7\u00e3o por pessoas com Transtorno do Espectro Autista (TEA). Na rede estadual de ensino, s\u00e3o 160 pessoas matriculadas [&hellip;]<\/p>\n","protected":false},"author":2,"featured_media":2888,"comment_status":"open","ping_status":"open","sticky":false,"template":"","format":"standard","meta":[],"categories":[2,4],"tags":[],"_links":{"self":[{"href":"https:\/\/dgospel.com.br\/portal\/index.php\/wp-json\/wp\/v2\/posts\/2887"}],"collection":[{"href":"https:\/\/dgospel.com.br\/portal\/index.php\/wp-json\/wp\/v2\/posts"}],"about":[{"href":"https:\/\/dgospel.com.br\/portal\/index.php\/wp-json\/wp\/v2\/types\/post"}],"author":[{"embeddable":true,"href":"https:\/\/dgospel.com.br\/portal\/index.php\/wp-json\/wp\/v2\/users\/2"}],"replies":[{"embeddable":true,"href":"https:\/\/dgospel.com.br\/portal\/index.php\/wp-json\/wp\/v2\/comments?post=2887"}],"version-history":[{"count":1,"href":"https:\/\/dgospel.com.br\/portal\/index.php\/wp-json\/wp\/v2\/posts\/2887\/revisions"}],"predecessor-version":[{"id":2889,"href":"https:\/\/dgospel.com.br\/portal\/index.php\/wp-json\/wp\/v2\/posts\/2887\/revisions\/2889"}],"wp:featuredmedia":[{"embeddable":true,"href":"https:\/\/dgospel.com.br\/portal\/index.php\/wp-json\/wp\/v2\/media\/2888"}],"wp:attachment":[{"href":"https:\/\/dgospel.com.br\/portal\/index.php\/wp-json\/wp\/v2\/media?parent=2887"}],"wp:term":[{"taxonomy":"category","embeddable":true,"href":"https:\/\/dgospel.com.br\/portal\/index.php\/wp-json\/wp\/v2\/categories?post=2887"},{"taxonomy":"post_tag","embeddable":true,"href":"https:\/\/dgospel.com.br\/portal\/index.php\/wp-json\/wp\/v2\/tags?post=2887"}],"curies":[{"name":"wp","href":"https:\/\/api.w.org\/{rel}","templated":true}]}}