{"id":2893,"date":"2019-04-02T10:26:40","date_gmt":"2019-04-02T13:26:40","guid":{"rendered":"http:\/\/dgospel.com.br\/portal\/?p=2893"},"modified":"2019-04-02T10:26:40","modified_gmt":"2019-04-02T13:26:40","slug":"em-ato-historico-jair-bolsonaro-visita-o-muro-das-lamentacoes","status":"publish","type":"post","link":"https:\/\/dgospel.com.br\/portal\/index.php\/2019\/04\/02\/em-ato-historico-jair-bolsonaro-visita-o-muro-das-lamentacoes\/","title":{"rendered":"Em ato hist\u00f3rico, Jair Bolsonaro visita o Muro das Lamenta\u00e7\u00f5es"},"content":{"rendered":"<p>Em seu segundo dia em\u00a0<strong><a href=\"https:\/\/guiame.com.br\/gospel\/israel\/bolsonaro-cita-biblia-e-fala-sobre-admiracao-por-israel-precisamos-ter-mesma-fe.html\">visita oficial a Israel<\/a><\/strong>, o presidente Jair Bolsonaro visitou o Muro das Lamenta\u00e7\u00f5es, o lugar mais sagrado para o juda\u00edsmo e tamb\u00e9m considerado especial para o cristianismo. O movimento representa uma quebra da pol\u00edtica brasileira em rela\u00e7\u00e3o aos territ\u00f3rios de Jerusal\u00e9m Oriental, considerados pela comunidade internacional como ocupados por Israel.<\/p>\n<p>A visita, que aconteceu nesta segunda-feira (1\u00ba), teve ainda a quebra hist\u00f3rica de tradi\u00e7\u00e3o diplom\u00e1tica, j\u00e1 que foi acompanhada pelo primeiro-ministro israelense, Benjamin Netanyahu, o que nunca houve em rela\u00e7\u00e3o a nenhuma visita de chefes de estado ao pa\u00eds.<\/p>\n<p>Os dois chefes de Estado oraram juntos e colocaram seus pedidos nas frestas do muro sagrado.<\/p>\n<p>O Muro das Lamenta\u00e7\u00f5es \u00e9 o que restou do Segundo Templo de Jerusal\u00e9m, no lugar do original Templo de Salom\u00e3o. \u00c9 conhecido tamb\u00e9m como Templo de Herodes e considerado pelos judeus primeiro s\u00edmbolo da alian\u00e7a divina com o povo hebraico.<\/p>\n<p>O Muro das Lamenta\u00e7\u00f5es \u00e9 o lugar de peregrina\u00e7\u00e3o do juda\u00edsmo onde s\u00e3o feitas ora\u00e7\u00f5es e s\u00e3o deixados pedidos por escrito, que s\u00e3o colocados nas frestas do muro.<\/p>\n<p><strong>A\u00e7\u00f5es de Bolsonaro em Israel<\/strong><\/p>\n<p>Assim que chegou em Israel, no domingo (31), o presidente Bolsonaro anunciou a instala\u00e7\u00e3o de um escrit\u00f3rio de neg\u00f3cios, investimento, tecnologia e inova\u00e7\u00e3o em Jerusal\u00e9m al\u00e9m de acordos de coopera\u00e7\u00e3o nas \u00e1reas de defesa, sa\u00fade, seguran\u00e7a p\u00fablica, entre outras.<\/p>\n<p>Na segunda-feira (1\u00ba), o presidente brasileiro condecorou a Brigada de Busca e Salvamento do Comando da Frente Interna de Israel com a Ins\u00edgnia da Ordem Nacional do Cruzeiro do Sul, a mais importante honraria do pa\u00eds atribu\u00edda a cidad\u00e3os estrangeiros.<\/p>\n<p>A condecora\u00e7\u00e3o foi entregue a\u00a0<strong><a href=\"https:\/\/guiame.com.br\/gospel\/noticias\/missao-humanitaria-de-israel-comeca-os-trabalhos-hoje-em-brumadinho.html\">124 soldados das For\u00e7as do Ex\u00e9rcito de Israel (IDF) que auxiliaram nas buscas por v\u00edtimas do desastre de Brumadinho<\/a><\/strong>\u00a0(MG), onde houve o rompimento de uma barragem da Vale que causou a morte de ao menos 271 pessoas. Segundo a Defesa Civil, 87 seguem desaparecidos.<\/p>\n<p>\u201cO trabalho dos senhores foi excepcional, fez com que nossos la\u00e7os de amizade, de h\u00e1 muito, se fortalecessem. N\u00f3s, brasileiros, nunca esqueceremos o apoio humanit\u00e1rio por parte de todos voc\u00eas\u201d, declarou o presidente brasileiro.<\/p>\n<p><strong>Continuidade da agenda de Bolsonaro em Israel:<\/strong><\/p>\n<p><strong>Ter\u00e7a-feira (02)<\/strong><\/p>\n<ul>\n<li>08h30 &#8211; Caf\u00e9 da manh\u00e3 com CEOs de startups israelo-brasileiros<\/li>\n<li>10h &#8211; Cerim\u00f4nia de abertura do encontro empresarial Brasil-Israel<\/li>\n<li>10h50 &#8211; Visita \u00e0 exposi\u00e7\u00e3o de produtos de empresas de inova\u00e7\u00e3o<\/li>\n<li>11h40 &#8211; Visita ao Centro Industrial Har Hotzvim e \u00e0 Mobileye<\/li>\n<li>12h30 &#8211; Almo\u00e7o com empres\u00e1rios<\/li>\n<li>15h45 &#8211; Visita ao Yad Vashem, Centro de Mem\u00f3ria do Holocausto<\/li>\n<li>15h50 &#8211; Visita \u00e0 Exposi\u00e7\u00e3o \u201cFlashes of Memory \u2013 Fotografia durante o Holocausto\u201d<\/li>\n<li>16h10 &#8211; Cerim\u00f4nia de oferenda floral<\/li>\n<li>16h35 &#8211; Visita ao Bosque das Na\u00e7\u00f5es<\/li>\n<li>16h45 &#8211; Cerim\u00f4nia alusiva ao plantio de muda de oliveira no Bosque das Na\u00e7\u00f5es<\/li>\n<li>19h &#8211; Jantar privado<\/li>\n<\/ul>\n<p><strong>Quarta-feira (03)<\/strong><\/p>\n<ul>\n<li>09h30 &#8211; Chegada \u00e0 cidade de Raanana<\/li>\n<li>09h40 &#8211; Visita \u00e0 comunidade de brasileiros estabelecida na cidade<\/li>\n<li>11h20 &#8211; Chegada ao Aeroporto Internacional Ben Gurion<\/li>\n<li>11h40 &#8211; Partida de Tel Aviv para Las Palmas<\/li>\n<li>14h50 &#8211; Chegada a Las Palmas<\/li>\n<li>16h20 &#8211; Partida de Las Palmas para Bras\u00edlia<\/li>\n<li>20h40 &#8211; Chegada a Bras\u00edlia<\/li>\n<\/ul>\n","protected":false},"excerpt":{"rendered":"<p>Em seu segundo dia em\u00a0visita oficial a Israel, o presidente Jair Bolsonaro visitou o Muro das Lamenta\u00e7\u00f5es, o lugar mais sagrado para o juda\u00edsmo e tamb\u00e9m considerado especial para o cristianismo. O movimento representa uma quebra da pol\u00edtica brasileira em rela\u00e7\u00e3o aos territ\u00f3rios de Jerusal\u00e9m Oriental, considerados pela comunidade internacional como ocupados por Israel. A [&hellip;]<\/p>\n","protected":false},"author":2,"featured_media":2894,"comment_status":"open","ping_status":"open","sticky":false,"template":"","format":"standard","meta":[],"categories":[2,4],"tags":[],"_links":{"self":[{"href":"https:\/\/dgospel.com.br\/portal\/index.php\/wp-json\/wp\/v2\/posts\/2893"}],"collection":[{"href":"https:\/\/dgospel.com.br\/portal\/index.php\/wp-json\/wp\/v2\/posts"}],"about":[{"href":"https:\/\/dgospel.com.br\/portal\/index.php\/wp-json\/wp\/v2\/types\/post"}],"author":[{"embeddable":true,"href":"https:\/\/dgospel.com.br\/portal\/index.php\/wp-json\/wp\/v2\/users\/2"}],"replies":[{"embeddable":true,"href":"https:\/\/dgospel.com.br\/portal\/index.php\/wp-json\/wp\/v2\/comments?post=2893"}],"version-history":[{"count":1,"href":"https:\/\/dgospel.com.br\/portal\/index.php\/wp-json\/wp\/v2\/posts\/2893\/revisions"}],"predecessor-version":[{"id":2895,"href":"https:\/\/dgospel.com.br\/portal\/index.php\/wp-json\/wp\/v2\/posts\/2893\/revisions\/2895"}],"wp:featuredmedia":[{"embeddable":true,"href":"https:\/\/dgospel.com.br\/portal\/index.php\/wp-json\/wp\/v2\/media\/2894"}],"wp:attachment":[{"href":"https:\/\/dgospel.com.br\/portal\/index.php\/wp-json\/wp\/v2\/media?parent=2893"}],"wp:term":[{"taxonomy":"category","embeddable":true,"href":"https:\/\/dgospel.com.br\/portal\/index.php\/wp-json\/wp\/v2\/categories?post=2893"},{"taxonomy":"post_tag","embeddable":true,"href":"https:\/\/dgospel.com.br\/portal\/index.php\/wp-json\/wp\/v2\/tags?post=2893"}],"curies":[{"name":"wp","href":"https:\/\/api.w.org\/{rel}","templated":true}]}}