{"id":29,"date":"2018-05-09T14:21:12","date_gmt":"2018-05-09T17:21:12","guid":{"rendered":"http:\/\/dgospel.com.br\/portal\/?p=29"},"modified":"2018-05-09T14:21:58","modified_gmt":"2018-05-09T17:21:58","slug":"ataides-declara-apoio-a-vicentinho-durante-evento-em-paraiso","status":"publish","type":"post","link":"https:\/\/dgospel.com.br\/portal\/index.php\/2018\/05\/09\/ataides-declara-apoio-a-vicentinho-durante-evento-em-paraiso\/","title":{"rendered":"Ata\u00eddes declara apoio a Vicentinho durante evento em Para\u00edso"},"content":{"rendered":"<p>Em grande evento ocorrido nessa segunda-feira,07, em Para\u00edso, regi\u00e3o central do \u00a0\u00a0Tocantins, \u00a0\u00a0o \u00a0\u00a0presidente \u00a0\u00a0estadual \u00a0\u00a0do \u00a0\u00a0PSDB, \u00a0\u00a0senador \u00a0\u00a0Ata\u00eddes Oliveira, declarou \u00a0\u00a0oficialmente \u00a0\u00a0apoio \u00a0\u00a0a \u00a0\u00a0Vicentinho \u00a0\u00a0Alves \u00a0\u00a0(PR), \u00a0\u00a0candidato \u00a0\u00a0a governador \u00a0\u00a0nas \u00a0\u00a0elei\u00e7\u00f5es \u00a0\u00a0suplementares \u00a0\u00a0pela \u00a0\u00a0coliga\u00e7\u00e3o \u00a0\u00a0\u201cA \u00a0\u00a0vez \u00a0\u00a0dos tocantinenses\u201d.<\/p>\n<p>Em seu discurso, Ata\u00eddes afirmou que apoia Vicentinho por considerar que ele tem o melhor projeto no momento para o Estado. \u201c\u00c9 a melhor op\u00e7\u00e3o para o Tocantins, porque defende redu\u00e7\u00e3o de impostos e lei de incentivo fiscal para atrair investidores para o Estado\u201d, destacou.<\/p>\n<p>Para Vicentinho, \u00a0a \u00a0\u00a0vinda \u00a0\u00a0de \u00a0\u00a0Ata\u00eddes \u00a0\u00a0com \u00a0\u00a0prefeitos \u00a0\u00a0do \u00a0\u00a0PSDB \u00e9 \u00a0\u00a0importante para fortalecer seu \u00a0\u00a0grupo. \u00a0\u00a0Segundo \u00a0\u00a0ele, Ata\u00eddes \u00a0\u00a0e \u00a0\u00a0Eduardo \u00a0\u00a0Gomes \u00a0\u00a0s\u00e3o \u00a0\u00a0os candidatos ao Senado da sua coliga\u00e7\u00e3o nas elei\u00e7\u00f5es de outubro.<\/p>\n<p><strong>Evento<\/strong><\/p>\n<p>Coordenado \u00a0\u00a0pelo \u00a0\u00a0prefeito \u00a0\u00a0de \u00a0\u00a0Para\u00edso, Mois\u00e9s \u00a0\u00a0Avelino \u00a0\u00a0(MDB), \u00a0\u00a0o Evento come\u00e7ou \u00e0 tarde com uma grande carreata at\u00e9 o local do com\u00edcio, reunindo pol\u00edticos da regi\u00e3o do Araguaia e de outras localidades do Tocantins, al\u00e9m de lideran\u00e7as comunit\u00e1rias.<\/p>\n<p>Participaram do com\u00edcio a deputada federal Josi Nunes (PROS); os deputados estaduais Am\u00e9lio Cayres (SD), Nilton Franco (MDB) e Elenil da Penha (MDB); os prefeitos de Araguatins, Cl\u00e1udio Santana, e Wagner da Gr\u00e1fica, de Formoso do Araguaia &#8211; ambos do PSDB; Ailton Parente Ara\u00fajo, prefeito de Santa Rosa; os \u00a0\u00a0ex-deputados \u00a0\u00a0estaduais \u00a0\u00a0Stalin \u00a0\u00a0Bucar, \u00a0\u00a0Derval \u00a0\u00a0Silva; \u00a0\u00a0o \u00a0\u00a0ex-governador Raimundo Boi; vereadores do munic\u00edpio; ex-prefeitos e lideran\u00e7as populares da regi\u00e3o. (Assessoria de Comunica\u00e7\u00e3o do senador Ata\u00eddes).<\/p>\n<p>&nbsp;<\/p>\n<p>&nbsp;<\/p>\n<p>&nbsp;<\/p>\n<p><strong><br \/>\n<\/strong><\/p>\n","protected":false},"excerpt":{"rendered":"<p>Em grande evento ocorrido nessa segunda-feira,07, em Para\u00edso, regi\u00e3o central do \u00a0\u00a0Tocantins, \u00a0\u00a0o \u00a0\u00a0presidente \u00a0\u00a0estadual \u00a0\u00a0do \u00a0\u00a0PSDB, \u00a0\u00a0senador \u00a0\u00a0Ata\u00eddes Oliveira, declarou \u00a0\u00a0oficialmente \u00a0\u00a0apoio \u00a0\u00a0a \u00a0\u00a0Vicentinho \u00a0\u00a0Alves \u00a0\u00a0(PR), \u00a0\u00a0candidato \u00a0\u00a0a governador \u00a0\u00a0nas \u00a0\u00a0elei\u00e7\u00f5es \u00a0\u00a0suplementares \u00a0\u00a0pela \u00a0\u00a0coliga\u00e7\u00e3o \u00a0\u00a0\u201cA \u00a0\u00a0vez \u00a0\u00a0dos tocantinenses\u201d. Em seu discurso, Ata\u00eddes afirmou que apoia Vicentinho por considerar que ele tem o melhor projeto [&hellip;]<\/p>\n","protected":false},"author":2,"featured_media":30,"comment_status":"open","ping_status":"open","sticky":false,"template":"","format":"standard","meta":[],"categories":[2,4],"tags":[],"_links":{"self":[{"href":"https:\/\/dgospel.com.br\/portal\/index.php\/wp-json\/wp\/v2\/posts\/29"}],"collection":[{"href":"https:\/\/dgospel.com.br\/portal\/index.php\/wp-json\/wp\/v2\/posts"}],"about":[{"href":"https:\/\/dgospel.com.br\/portal\/index.php\/wp-json\/wp\/v2\/types\/post"}],"author":[{"embeddable":true,"href":"https:\/\/dgospel.com.br\/portal\/index.php\/wp-json\/wp\/v2\/users\/2"}],"replies":[{"embeddable":true,"href":"https:\/\/dgospel.com.br\/portal\/index.php\/wp-json\/wp\/v2\/comments?post=29"}],"version-history":[{"count":2,"href":"https:\/\/dgospel.com.br\/portal\/index.php\/wp-json\/wp\/v2\/posts\/29\/revisions"}],"predecessor-version":[{"id":32,"href":"https:\/\/dgospel.com.br\/portal\/index.php\/wp-json\/wp\/v2\/posts\/29\/revisions\/32"}],"wp:featuredmedia":[{"embeddable":true,"href":"https:\/\/dgospel.com.br\/portal\/index.php\/wp-json\/wp\/v2\/media\/30"}],"wp:attachment":[{"href":"https:\/\/dgospel.com.br\/portal\/index.php\/wp-json\/wp\/v2\/media?parent=29"}],"wp:term":[{"taxonomy":"category","embeddable":true,"href":"https:\/\/dgospel.com.br\/portal\/index.php\/wp-json\/wp\/v2\/categories?post=29"},{"taxonomy":"post_tag","embeddable":true,"href":"https:\/\/dgospel.com.br\/portal\/index.php\/wp-json\/wp\/v2\/tags?post=29"}],"curies":[{"name":"wp","href":"https:\/\/api.w.org\/{rel}","templated":true}]}}