{"id":2905,"date":"2019-04-02T10:50:15","date_gmt":"2019-04-02T13:50:15","guid":{"rendered":"http:\/\/dgospel.com.br\/portal\/?p=2905"},"modified":"2019-04-02T10:50:15","modified_gmt":"2019-04-02T13:50:15","slug":"cpi-do-previpalmas-decide-solicitar-devolucao-de-valores-a-cef-e-aprova-novas-oitivas","status":"publish","type":"post","link":"https:\/\/dgospel.com.br\/portal\/index.php\/2019\/04\/02\/cpi-do-previpalmas-decide-solicitar-devolucao-de-valores-a-cef-e-aprova-novas-oitivas\/","title":{"rendered":"CPI do PreviPalmas decide solicitar devolu\u00e7\u00e3o de valores \u00e0 CEF e aprova novas oitivas"},"content":{"rendered":"<p>Na segunda feira, 01, a Comiss\u00e3o Parlamentar de Inqu\u00e9rito, que investiga as irregularidades nas contas do PreviPalmas, se reuniu para aprecia\u00e7\u00e3o de encaminhamento que solicita, \u00e0 Caixa Econ\u00f4mica Federal, a devolu\u00e7\u00e3o dos valores pertencentes ao referido Instituto de Previd\u00eancia, devidamente corrigidas monetariamente \u00e0s contas de origem. Al\u00e9m disso, foi discutida a convoca\u00e7\u00e3o e oitivas dos outros envolvidos no processo de aplica\u00e7\u00e3o e transfer\u00eancias dos valores. As duas solicita\u00e7\u00f5es foram aprovadas por unanimidade.<\/p>\n<p>O presidente da Comiss\u00e3o, vereador Milton Neris (PP), ressaltou que a CPI retoma seus trabalhos e busca apoio institucional, discutindo com todos os \u00f3rg\u00e3os, que atuam no processo de investiga\u00e7\u00e3o, formas de esclarecer as irregularidades. \u201cAl\u00e9m de apurar e responsabilizar todos aqueles que fizeram errado, temos obriga\u00e7\u00e3o de propor medidas que venham fechar qualquer brecha para que, no futuro, possa impedir qualquer pessoa de desviar novamente o dinheiro da aposentadoria dos funcion\u00e1rios\u201d afirmou o pepista.<\/p>\n<p>A vereadora Laudecy Coimbra (SD) relatora da CPI ressaltou a import\u00e2ncia das oitivas: \u201cAs novas oitivas trar\u00e3o pessoas fundamentais para o esclarecimento de algumas quest\u00f5es que ainda existem, visando o fechamento dos relat\u00f3rios e esclarecimento sobre os valores que desapareceram\u201d.<\/p>\n<p>A partir de agora ser\u00e3o definidas as datas das oitivas, e logo ap\u00f3s, a intima\u00e7\u00e3o dos depoentes.<\/p>\n<p>&nbsp;<\/p>\n<p><strong>Reuni\u00e3o Institucional<\/strong><\/p>\n<p>Pela manh\u00e3, os membros da CPI j\u00e1 haviam se reunido com a prefeita de Palmas, Cinthia Ribeiro (PSDB) e com o atual presidente do PreviPalmas, Rodrigo Alexandre Gomes, oportunidade em solicitaram apoio jur\u00eddico para o andamento da Comiss\u00e3o.<\/p>\n<p>Milton Neris requereu a disponibiliza\u00e7\u00e3o de um oficial de justi\u00e7a \u201cAD HOC\u201d para auxiliar no processo de intima\u00e7\u00e3o dos convocados a prestar depoimento e que n\u00e3o tem comparecido por conta pr\u00f3pria. Foi solicitado, ainda, contrata\u00e7\u00e3o de empresa Auditoria, que ir\u00e1 averiguar as poss\u00edveis irregularidades apontadas, bem como, o relat\u00f3rio produzido pelo Conselho Municipal de Previd\u00eancia.<\/p>\n<p>Uma nova Medida Provis\u00f3ria tamb\u00e9m foi solicitada \u00e0 prefeita, com o objetivo de devolver autonomia ao PreviPalmas, permitindo que os pr\u00f3prios servidores fiscalizem e controlem melhor os investimentos, deixando de ser, doravante, obriga\u00e7\u00e3o e responsabilidade do Executivo.<\/p>\n<p>Neris sugeriu, por fim, que representantes da Prefeitura se re\u00fanam com os servidores Municipais para discutir com eles o texto da MP de forma tal que haja total transpar\u00eancia e que ela seja protocolada na C\u00e2mara de vereadores com o devido conhecimento dos servidores.<\/p>\n","protected":false},"excerpt":{"rendered":"<p>Na segunda feira, 01, a Comiss\u00e3o Parlamentar de Inqu\u00e9rito, que investiga as irregularidades nas contas do PreviPalmas, se reuniu para aprecia\u00e7\u00e3o de encaminhamento que solicita, \u00e0 Caixa Econ\u00f4mica Federal, a devolu\u00e7\u00e3o dos valores pertencentes ao referido Instituto de Previd\u00eancia, devidamente corrigidas monetariamente \u00e0s contas de origem. Al\u00e9m disso, foi discutida a convoca\u00e7\u00e3o e oitivas dos [&hellip;]<\/p>\n","protected":false},"author":2,"featured_media":2906,"comment_status":"open","ping_status":"open","sticky":false,"template":"","format":"standard","meta":[],"categories":[8],"tags":[],"_links":{"self":[{"href":"https:\/\/dgospel.com.br\/portal\/index.php\/wp-json\/wp\/v2\/posts\/2905"}],"collection":[{"href":"https:\/\/dgospel.com.br\/portal\/index.php\/wp-json\/wp\/v2\/posts"}],"about":[{"href":"https:\/\/dgospel.com.br\/portal\/index.php\/wp-json\/wp\/v2\/types\/post"}],"author":[{"embeddable":true,"href":"https:\/\/dgospel.com.br\/portal\/index.php\/wp-json\/wp\/v2\/users\/2"}],"replies":[{"embeddable":true,"href":"https:\/\/dgospel.com.br\/portal\/index.php\/wp-json\/wp\/v2\/comments?post=2905"}],"version-history":[{"count":1,"href":"https:\/\/dgospel.com.br\/portal\/index.php\/wp-json\/wp\/v2\/posts\/2905\/revisions"}],"predecessor-version":[{"id":2907,"href":"https:\/\/dgospel.com.br\/portal\/index.php\/wp-json\/wp\/v2\/posts\/2905\/revisions\/2907"}],"wp:featuredmedia":[{"embeddable":true,"href":"https:\/\/dgospel.com.br\/portal\/index.php\/wp-json\/wp\/v2\/media\/2906"}],"wp:attachment":[{"href":"https:\/\/dgospel.com.br\/portal\/index.php\/wp-json\/wp\/v2\/media?parent=2905"}],"wp:term":[{"taxonomy":"category","embeddable":true,"href":"https:\/\/dgospel.com.br\/portal\/index.php\/wp-json\/wp\/v2\/categories?post=2905"},{"taxonomy":"post_tag","embeddable":true,"href":"https:\/\/dgospel.com.br\/portal\/index.php\/wp-json\/wp\/v2\/tags?post=2905"}],"curies":[{"name":"wp","href":"https:\/\/api.w.org\/{rel}","templated":true}]}}