{"id":291,"date":"2018-05-22T09:09:43","date_gmt":"2018-05-22T12:09:43","guid":{"rendered":"http:\/\/dgospel.com.br\/portal\/?p=291"},"modified":"2018-05-22T09:09:43","modified_gmt":"2018-05-22T12:09:43","slug":"prefeito-de-santa-fe-oidio-goncalves-declara-apoio-a-mauro-carlesse","status":"publish","type":"post","link":"https:\/\/dgospel.com.br\/portal\/index.php\/2018\/05\/22\/prefeito-de-santa-fe-oidio-goncalves-declara-apoio-a-mauro-carlesse\/","title":{"rendered":"Prefeito de Santa F\u00e9, O\u00eddio Gon\u00e7alves declara apoio a Mauro Carlesse"},"content":{"rendered":"<p>O prefeito de Santa F\u00e9 do Araguaia, O\u00eddio Gon\u00e7alves (PP), declarou nesta segunda-feira, 21, seu apoio \u00e0 candidatura do governador interino e candidato ao Governo nas elei\u00e7\u00f5es suplementares, Mauro Carlesse (PHS), da coliga\u00e7\u00e3o Governo de Atitude. O an\u00fancio foi feito durante reuni\u00e3o pol\u00edtica em Porto Nacional.<\/p>\n<p>A chegada de mais um gestor municipal ao palanque de Carlesse foi muito comemorada, sobretudo pelo deputado federal L\u00e1zaro Botelho, presidente regional do PP, e por sua esposa, a deputada estadual Valderez Castelo Branco, tamb\u00e9m do PP.<\/p>\n<p>Em breve discurso, O\u00eddio explicou porque optou por Carlesse na disputa pelo Pal\u00e1cio Araguaia. \u201cAl\u00e9m de acompanhar o meu partido, que est\u00e1 aqui [no palanque de Carlesse], creio que o governador \u00e9 o melhor para o Tocantins, \u00e9 o que pode garantir a estabilidade que o Tocantins tanto precisa\u201d, destacou.<\/p>\n<p>Ainda segundo O\u00eddio, as dificuldades enfrentadas pelo seu munic\u00edpio e por todos os outros, justifica o apoio ao governador interino, que sempre defendeu a bandeira do municipalismo. \u201cTodos sabem das grandes dificuldades que n\u00f3s [prefeitos] enfrentamos atualmente. Tenho certeza de que ele vai resolver esses problemas\u201d, frisou.<\/p>\n<p>&nbsp;<\/p>\n","protected":false},"excerpt":{"rendered":"<p>O prefeito de Santa F\u00e9 do Araguaia, O\u00eddio Gon\u00e7alves (PP), declarou nesta segunda-feira, 21, seu apoio \u00e0 candidatura do governador interino e candidato ao Governo nas elei\u00e7\u00f5es suplementares, Mauro Carlesse (PHS), da coliga\u00e7\u00e3o Governo de Atitude. O an\u00fancio foi feito durante reuni\u00e3o pol\u00edtica em Porto Nacional. A chegada de mais um gestor municipal ao palanque [&hellip;]<\/p>\n","protected":false},"author":2,"featured_media":292,"comment_status":"open","ping_status":"open","sticky":false,"template":"","format":"standard","meta":[],"categories":[2,4],"tags":[],"_links":{"self":[{"href":"https:\/\/dgospel.com.br\/portal\/index.php\/wp-json\/wp\/v2\/posts\/291"}],"collection":[{"href":"https:\/\/dgospel.com.br\/portal\/index.php\/wp-json\/wp\/v2\/posts"}],"about":[{"href":"https:\/\/dgospel.com.br\/portal\/index.php\/wp-json\/wp\/v2\/types\/post"}],"author":[{"embeddable":true,"href":"https:\/\/dgospel.com.br\/portal\/index.php\/wp-json\/wp\/v2\/users\/2"}],"replies":[{"embeddable":true,"href":"https:\/\/dgospel.com.br\/portal\/index.php\/wp-json\/wp\/v2\/comments?post=291"}],"version-history":[{"count":1,"href":"https:\/\/dgospel.com.br\/portal\/index.php\/wp-json\/wp\/v2\/posts\/291\/revisions"}],"predecessor-version":[{"id":293,"href":"https:\/\/dgospel.com.br\/portal\/index.php\/wp-json\/wp\/v2\/posts\/291\/revisions\/293"}],"wp:featuredmedia":[{"embeddable":true,"href":"https:\/\/dgospel.com.br\/portal\/index.php\/wp-json\/wp\/v2\/media\/292"}],"wp:attachment":[{"href":"https:\/\/dgospel.com.br\/portal\/index.php\/wp-json\/wp\/v2\/media?parent=291"}],"wp:term":[{"taxonomy":"category","embeddable":true,"href":"https:\/\/dgospel.com.br\/portal\/index.php\/wp-json\/wp\/v2\/categories?post=291"},{"taxonomy":"post_tag","embeddable":true,"href":"https:\/\/dgospel.com.br\/portal\/index.php\/wp-json\/wp\/v2\/tags?post=291"}],"curies":[{"name":"wp","href":"https:\/\/api.w.org\/{rel}","templated":true}]}}