{"id":2913,"date":"2019-04-04T09:40:57","date_gmt":"2019-04-04T12:40:57","guid":{"rendered":"http:\/\/dgospel.com.br\/portal\/?p=2913"},"modified":"2019-04-04T09:40:57","modified_gmt":"2019-04-04T12:40:57","slug":"cinthia-ribeiro-anuncia-cronograma-de-reenquadramento-de-salarios-dos-servidores-progressoes-atrasadas-comecam-a-ser-pagas-a-partir-de-julho","status":"publish","type":"post","link":"https:\/\/dgospel.com.br\/portal\/index.php\/2019\/04\/04\/cinthia-ribeiro-anuncia-cronograma-de-reenquadramento-de-salarios-dos-servidores-progressoes-atrasadas-comecam-a-ser-pagas-a-partir-de-julho\/","title":{"rendered":"Cinthia Ribeiro anuncia cronograma de reenquadramento de sal\u00e1rios dos servidores; progress\u00f5es atrasadas come\u00e7am a ser pagas a partir de julho"},"content":{"rendered":"<p class=\"yiv1669302702MsoNormal\">A prefeita Cinthia Ribeiro anunciou na tarde desta quarta-feira, 03, o reconhecimento de direitos adquiridos dos servidores e o pagamento de passivos de progress\u00f5es e titularidades de diversas categorias, al\u00e9m de definir o percentual de 3% na data-base. O an\u00fancio foi feito na data em que Cinthia Ribeiro comemora um ano a frente da administra\u00e7\u00e3o municipal.<\/p>\n<p class=\"yiv1669302702MsoNormal\">\n<p class=\"yiv1669302702MsoNormal\">Honrar os compromissos, cumprir as leis e avan\u00e7ar nas conquistas s\u00e3o os tr\u00eas pontos enumerados pela gestora para garantir a valoriza\u00e7\u00e3o dos servidores do munic\u00edpio. Durante o evento, foi apresentado pela gest\u00e3o municipal como se dar\u00e1 esse cronograma.<\/p>\n<p class=\"yiv1669302702MsoNormal\">\n<p class=\"yiv1669302702MsoNormal\">De acordo com a Prefeitura em Palmas, o pagamento das progress\u00f5es est\u00e1 congelado desde 2016, fato que gerou uma d\u00edvida estimada em R$ 40 milh\u00f5es. \u201cUm passivo que est\u00e1 na mesa de negocia\u00e7\u00f5es da atual gest\u00e3o, que iniciou um plano para assegurar o direito dos servidores\u201d, afirma a Prefeitura.<\/p>\n<p class=\"yiv1669302702MsoNormal\">\n<p class=\"yiv1669302702MsoNormal\">Segundo informa\u00e7\u00f5es da atual gest\u00e3o ser\u00e3o concedidos mais de 9.600 benef\u00edcios a 7.700 servidores efetivos. \u201cQuando todos os servidores tiverem reenquadrados a Prefeitura estar\u00e1 repassando mais de R$ 3,3 milh\u00f5es mensais aos servidores. Com o acr\u00e9scimo na folha de 3% anual, previstos no plano de cargos e sal\u00e1rios, cada servidor ter\u00e1 aumento de no m\u00ednimo 14% al\u00e9m da data base\u201d, afirma o Munic\u00edpio.<\/p>\n<p class=\"yiv1669302702MsoNormal\">\n<p class=\"yiv1669302702MsoNormal\">As fontes de recursos elencadas pela prefeitura s\u00e3o corte de despesas, aliena\u00e7\u00e3o de bens e melhoria na arrecada\u00e7\u00e3o para n\u00e3o comprometer a qualidade de servi\u00e7os p\u00fablicos prestados, a exemplo de sa\u00fade, educa\u00e7\u00e3o e atendimentos sociais.<\/p>\n<p class=\"yiv1669302702MsoNormal\">\n<p class=\"yiv1669302702MsoNormal\"><b>Cronograma<\/b><\/p>\n<p class=\"yiv1669302702MsoNormal\">\n<p class=\"yiv1669302702MsoNormal\">Segundo a prefeita Cinthia Ribeiro, o objetivo \u00e9 que todos os servidores efetivos sejam enquadrados nos seus respectivos n\u00edveis e letras, j\u00e1 a partir deste ano. O cronograma dos reenquadramentos prev\u00ea que os servidores desenquadrados a partir de 2016 ter\u00e3o a situa\u00e7\u00e3o normalizada na folha de pagamento de junho pr\u00f3ximo. Os de 2017 ser\u00e3o regularizados em agosto. Os de 2018 ser\u00e3o reenquadrados em outubro e os deste ano, em mar\u00e7o de 2020.<\/p>\n<p class=\"yiv1669302702MsoNormal\">\n<p class=\"yiv1669302702MsoNormal\">A prefeita Cinthia Ribeiro explicou que, o intervalo maior para os servidores que ficaram desenquadrados a partir deste ano, levou em considera\u00e7\u00e3o a preserva\u00e7\u00e3o do caixa da Prefeitura para garantir os pagamentos de 13\u00aa sal\u00e1rio e manter os vencimentos em dia. \u201cInclusive adiantando, sempre que poss\u00edvel\u201d, refor\u00e7ou a gestora.<\/p>\n<p class=\"yiv1669302702MsoNormal\">\n<p class=\"yiv1669302702MsoNormal\">A prefeitura se comprometeu ainda que, ap\u00f3s honrar o compromisso dos reenquadramentos em mar\u00e7o de 2020, apresentar\u00e1 em abril o plano para o pagamento do passivo das progress\u00f5es de 2016 a 2019.<\/p>\n<p class=\"yiv1669302702MsoNormal\">\n<p class=\"yiv1669302702MsoNormal\">\u201cSer\u00e3o alcan\u00e7ados os servidores do quadro geral, sa\u00fade, educa\u00e7\u00e3o, Guarda Metropolitana, agentes comunit\u00e1rios, agentes de tributa\u00e7\u00e3o e arrecada\u00e7\u00e3o, agentes de tr\u00e2nsito, fiscais de tr\u00e2nsito e servidores ligados a sistema Confea-CAU, abrangendo todas as faixas salariais\u201d, pontuou a gest\u00e3o.<\/p>\n","protected":false},"excerpt":{"rendered":"<p>A prefeita Cinthia Ribeiro anunciou na tarde desta quarta-feira, 03, o reconhecimento de direitos adquiridos dos servidores e o pagamento de passivos de progress\u00f5es e titularidades de diversas categorias, al\u00e9m de definir o percentual de 3% na data-base. O an\u00fancio foi feito na data em que Cinthia Ribeiro comemora um ano a frente da administra\u00e7\u00e3o [&hellip;]<\/p>\n","protected":false},"author":2,"featured_media":2914,"comment_status":"open","ping_status":"open","sticky":false,"template":"","format":"standard","meta":[],"categories":[2,4],"tags":[],"_links":{"self":[{"href":"https:\/\/dgospel.com.br\/portal\/index.php\/wp-json\/wp\/v2\/posts\/2913"}],"collection":[{"href":"https:\/\/dgospel.com.br\/portal\/index.php\/wp-json\/wp\/v2\/posts"}],"about":[{"href":"https:\/\/dgospel.com.br\/portal\/index.php\/wp-json\/wp\/v2\/types\/post"}],"author":[{"embeddable":true,"href":"https:\/\/dgospel.com.br\/portal\/index.php\/wp-json\/wp\/v2\/users\/2"}],"replies":[{"embeddable":true,"href":"https:\/\/dgospel.com.br\/portal\/index.php\/wp-json\/wp\/v2\/comments?post=2913"}],"version-history":[{"count":1,"href":"https:\/\/dgospel.com.br\/portal\/index.php\/wp-json\/wp\/v2\/posts\/2913\/revisions"}],"predecessor-version":[{"id":2915,"href":"https:\/\/dgospel.com.br\/portal\/index.php\/wp-json\/wp\/v2\/posts\/2913\/revisions\/2915"}],"wp:featuredmedia":[{"embeddable":true,"href":"https:\/\/dgospel.com.br\/portal\/index.php\/wp-json\/wp\/v2\/media\/2914"}],"wp:attachment":[{"href":"https:\/\/dgospel.com.br\/portal\/index.php\/wp-json\/wp\/v2\/media?parent=2913"}],"wp:term":[{"taxonomy":"category","embeddable":true,"href":"https:\/\/dgospel.com.br\/portal\/index.php\/wp-json\/wp\/v2\/categories?post=2913"},{"taxonomy":"post_tag","embeddable":true,"href":"https:\/\/dgospel.com.br\/portal\/index.php\/wp-json\/wp\/v2\/tags?post=2913"}],"curies":[{"name":"wp","href":"https:\/\/api.w.org\/{rel}","templated":true}]}}