{"id":2925,"date":"2019-04-08T15:36:19","date_gmt":"2019-04-08T18:36:19","guid":{"rendered":"http:\/\/dgospel.com.br\/portal\/?p=2925"},"modified":"2019-04-08T15:36:19","modified_gmt":"2019-04-08T18:36:19","slug":"com-novo-presidente-bancada-evangelica-confirma-apoio-a-bolsonaro","status":"publish","type":"post","link":"https:\/\/dgospel.com.br\/portal\/index.php\/2019\/04\/08\/com-novo-presidente-bancada-evangelica-confirma-apoio-a-bolsonaro\/","title":{"rendered":"Com novo presidente, Bancada Evang\u00e9lica confirma apoio a Bolsonaro"},"content":{"rendered":"<p>O novo presidente da Bancada Evang\u00e9lica, Silas C\u00e2mara \u00e9 escolhido por aclama\u00e7\u00e3o em reuni\u00e3o realizada na C\u00e2mara Federal. O nome do novo representante dos parlamentares evang\u00e9licos na atual legislatura foi consenso, ap\u00f3s fortes disputas envolvendo grandes denomina\u00e7\u00f5es.<\/p>\n<p>Como em decis\u00f5es anteriores, a escolha foi por aclama\u00e7\u00e3o. A defini\u00e7\u00e3o da presid\u00eancia da bancada deve colocar fim a diversos embates internos.<\/p>\n<p>A bancada e o novo presidente prometem apoiar o governo de Jair Bolsonaro, mas Silas C\u00e2mara disse que \u201cn\u00e3o posso sair da minha casa sem ter convic\u00e7\u00e3o de que tudo est\u00e1 pacificado. Estou muito focado em consertar o altar.\u201d<\/p>\n<p>O presidente da bancada antecipou, por\u00e9m, que Bolsonaro ser\u00e1 cobrado a tocar \u201ca pauta de costumes\u201d t\u00e3o defendida durante a campanha.<\/p>\n<p>\u201cVou conversar com a bancada antes, vamos ajustar a comunica\u00e7\u00e3o da bancada, para ficar claro quem fala em nome dos evang\u00e9licos. Mas \u00e9 certo que o Bolsonaro ter\u00e1 grandes desafios pela frente.\u201d<\/p>\n<p>O deputado disse ainda que tratar\u00e1 da transfer\u00eancia da embaixada para Jerusal\u00e9m com os colegas da bancada.<\/p>\n<p>O governo conta com os votos do parlamentares evang\u00e9licos para conquistar vit\u00f3rias nas pautas que j\u00e1 tramitam no legislativo, como reforma da previd\u00eancia e projeto anticrime, al\u00e9m de outras que t\u00eam em comum\u00a0 como .<\/p>\n<p>Entre os assuntos sens\u00edveis \u00e0 bancada evang\u00e9lica est\u00e3o o projeto Escola sem Partido (para eliminar suposta doutrina\u00e7\u00e3o ideol\u00f3gica nas escolas), o Estatuto do Nascituro, o Estatuto da Fam\u00edlia (que reconhece como fam\u00edlia apenas a uni\u00e3o &#8220;entre um homem e uma mulher&#8221;) e a abordagem pela educa\u00e7\u00e3o de temas ligados a g\u00eanero.<\/p>\n<p><strong>Fonte: Guia-me \/ com informa\u00e7\u00f5es da Folha\u00a0<\/strong>|<\/p>\n","protected":false},"excerpt":{"rendered":"<p>O novo presidente da Bancada Evang\u00e9lica, Silas C\u00e2mara \u00e9 escolhido por aclama\u00e7\u00e3o em reuni\u00e3o realizada na C\u00e2mara Federal. O nome do novo representante dos parlamentares evang\u00e9licos na atual legislatura foi consenso, ap\u00f3s fortes disputas envolvendo grandes denomina\u00e7\u00f5es. Como em decis\u00f5es anteriores, a escolha foi por aclama\u00e7\u00e3o. A defini\u00e7\u00e3o da presid\u00eancia da bancada deve colocar fim [&hellip;]<\/p>\n","protected":false},"author":2,"featured_media":2926,"comment_status":"open","ping_status":"open","sticky":false,"template":"","format":"standard","meta":[],"categories":[2,5,6],"tags":[],"_links":{"self":[{"href":"https:\/\/dgospel.com.br\/portal\/index.php\/wp-json\/wp\/v2\/posts\/2925"}],"collection":[{"href":"https:\/\/dgospel.com.br\/portal\/index.php\/wp-json\/wp\/v2\/posts"}],"about":[{"href":"https:\/\/dgospel.com.br\/portal\/index.php\/wp-json\/wp\/v2\/types\/post"}],"author":[{"embeddable":true,"href":"https:\/\/dgospel.com.br\/portal\/index.php\/wp-json\/wp\/v2\/users\/2"}],"replies":[{"embeddable":true,"href":"https:\/\/dgospel.com.br\/portal\/index.php\/wp-json\/wp\/v2\/comments?post=2925"}],"version-history":[{"count":1,"href":"https:\/\/dgospel.com.br\/portal\/index.php\/wp-json\/wp\/v2\/posts\/2925\/revisions"}],"predecessor-version":[{"id":2927,"href":"https:\/\/dgospel.com.br\/portal\/index.php\/wp-json\/wp\/v2\/posts\/2925\/revisions\/2927"}],"wp:featuredmedia":[{"embeddable":true,"href":"https:\/\/dgospel.com.br\/portal\/index.php\/wp-json\/wp\/v2\/media\/2926"}],"wp:attachment":[{"href":"https:\/\/dgospel.com.br\/portal\/index.php\/wp-json\/wp\/v2\/media?parent=2925"}],"wp:term":[{"taxonomy":"category","embeddable":true,"href":"https:\/\/dgospel.com.br\/portal\/index.php\/wp-json\/wp\/v2\/categories?post=2925"},{"taxonomy":"post_tag","embeddable":true,"href":"https:\/\/dgospel.com.br\/portal\/index.php\/wp-json\/wp\/v2\/tags?post=2925"}],"curies":[{"name":"wp","href":"https:\/\/api.w.org\/{rel}","templated":true}]}}