{"id":2928,"date":"2019-04-08T15:47:19","date_gmt":"2019-04-08T18:47:19","guid":{"rendered":"http:\/\/dgospel.com.br\/portal\/?p=2928"},"modified":"2019-04-08T15:47:19","modified_gmt":"2019-04-08T18:47:19","slug":"carlesse-conhece-projeto-justica-presente-e-afirma-que-sistema-prisional-precisa-qualificar-detentos","status":"publish","type":"post","link":"https:\/\/dgospel.com.br\/portal\/index.php\/2019\/04\/08\/carlesse-conhece-projeto-justica-presente-e-afirma-que-sistema-prisional-precisa-qualificar-detentos\/","title":{"rendered":"Carlesse conhece projeto Justi\u00e7a Presente e afirma que sistema prisional precisa qualificar detentos"},"content":{"rendered":"<div class=\"container margin-top\">\n<div class=\"row\">\n<div class=\"col-sm-10\">\n<div id=\"conteudo\" class=\"row\">\n<div class=\"col-lg-9\">\n<article>\n<div>\n<p>O governador do Estado do Tocantins, Mauro Carlesse, e o presidente do Tribunal de Justi\u00e7a, desembargador Helv\u00e9cio Maia Brito, se reuniram com o secret\u00e1rio-geral do Conselho Nacional de Justi\u00e7a (CNJ), desembargador Carlos Adamek, e o juiz auxiliar da presid\u00eancia do CNJ, Lu\u00eds Geraldo Lanfrede, que apresentaram o projeto\u00a0<em>Justi\u00e7a Presente<\/em>, do CNJ e do Programa das Na\u00e7\u00f5es Unidas para o Desenvolvimento (PNUD), que \u00e9 voltado para fortalecer a pol\u00edtica de Estado, que se prop\u00f5e a enfrentar o quadro do sistema carcer\u00e1rio.\u00a0A reuni\u00e3o ocorreu na manh\u00e3 desta segunda-feira, 8, no Pal\u00e1cio Araguaia, em Palmas.<\/p>\n<p>O projeto\u00a0<em>Justi\u00e7a Presente\u00a0<\/em>prev\u00ea a utiliza\u00e7\u00e3o de identifica\u00e7\u00e3o biom\u00e9trica, a expedi\u00e7\u00e3o de documentos para a identifica\u00e7\u00e3o \u00fanica do detento, a qualifica\u00e7\u00e3o dos reeducandos, al\u00e9m da ado\u00e7\u00e3o de penas alternativas e monitoramento. Em sua apresenta\u00e7\u00e3o, o secret\u00e1rio-geral do CNJ afirmou que os recursos descentralizados pelo Minist\u00e9rio da Seguran\u00e7a P\u00fablica propiciam a constru\u00e7\u00e3o de uma parceria do CNJ com os estados, visando implantar melhorias no sistema carcer\u00e1rio.<\/p>\n<p>O governador Mauro Carlesse declarou que as a\u00e7\u00f5es apresentadas s\u00e3o relevantes para o combate aos problemas do sistema prisional, que s\u00e3o os semelhantes em todo o Pa\u00eds. \u201c\u00c9 um parceria importante e, por isso, temos a participa\u00e7\u00e3o de todos os \u00f3rg\u00e3os que t\u00eam atua\u00e7\u00e3o no sistema prisional. Para n\u00f3s, o combate aos problemas est\u00e1 desde a cria\u00e7\u00e3o de condi\u00e7\u00f5es para as fam\u00edlias se manterem com dignidade, oportunizando emprego, educa\u00e7\u00e3o de qualidade, assim vamos formar cidad\u00e3os para as pr\u00f3ximas gera\u00e7\u00f5es. E, atualmente, \u00e9 investir em tecnologia, em intelig\u00eancia e qualificar essas pessoas para que possam voltar ao conv\u00edvio em sociedade e seguir\u00a0suas vidas de maneira correta e com dignidade\u201d, declarou o governador.<\/p>\n<p>O secret\u00e1rio de Estado da Cidadania e Justi\u00e7a, H\u00e9ber Fid\u00e9lis, afirmou que, desde que assumiu a pasta, a prioridade tem sido a utiliza\u00e7\u00e3o dos recursos dispon\u00edveis na melhoria da estrutura do sistema e nas condi\u00e7\u00f5es de trabalho dos agentes. \u201cEmpossamos servidores concursados, estamos adquirindo mais armamentos e outros equipamentos, estamos concluindo um novo pres\u00eddio e, em breve, todos os detentos estar\u00e3o identificados no sistema, com todas as informa\u00e7\u00f5es sobre sua localiza\u00e7\u00e3o e cumprimento da pena\u201d, afirmou.<\/p>\n<p>O presidente do Tribunal de Justi\u00e7a, Helv\u00e9cio Maia Brito, apresentou o apoio do Poder Judici\u00e1rio ao projeto e declarou sua preocupa\u00e7\u00e3o com um tratamento mais humano, voltado para a recupera\u00e7\u00e3o dos apenados. \u201cO governador est\u00e1 de parab\u00e9ns pelo di\u00e1logo sempre aberto junto com seus secret\u00e1rios. Todos temos responsabilidade de tocar esse projeto pra frente e corrigir os problemas\u201d, afirmou.<\/p>\n<p>A reuni\u00e3o faz parte da programa\u00e7\u00e3o de in\u00edcio da implanta\u00e7\u00e3o do projeto no Tocantins, que ter\u00e1 tr\u00eas etapas. A primeira come\u00e7ando de imediato e a segunda e a terceira etapas nos meses de junho e julho. O Tocantins \u00e9 o 13\u00ba estado a receber o projeto. A partir de agora, o CNJ traz, ao Estado, uma equipe que trabalhar\u00e1 em parceria com todos os organismos atuantes no sistema prisional, para a execu\u00e7\u00e3o das a\u00e7\u00f5es previstas no Projeto.<\/p>\n<p><strong>Presentes<\/strong><\/p>\n<p>Tamb\u00e9m participaram da reuni\u00e3o os secret\u00e1rios de Estado da Seguran\u00e7a P\u00fablica, Cristiano Sampaio; e da Casa Civil, Rolf Vidal; o defensor p\u00fablico-geral, F\u00e1bio Monteiro; a vice-presidente da Ordem dos Advogados (OAB) Tocantins; ju\u00edzes que atuam no sistema carcer\u00e1rio; promotores de Justi\u00e7a; e demais integrantes da equipe t\u00e9cnica do CNJ.<\/p>\n<\/div>\n<\/article>\n<\/div>\n<div class=\"col-lg-3\">\n<h4><\/h4>\n<\/div>\n<\/div>\n<\/div>\n<\/div>\n<\/div>\n","protected":false},"excerpt":{"rendered":"<p>O governador do Estado do Tocantins, Mauro Carlesse, e o presidente do Tribunal de Justi\u00e7a, desembargador Helv\u00e9cio Maia Brito, se reuniram com o secret\u00e1rio-geral do Conselho Nacional de Justi\u00e7a (CNJ), desembargador Carlos Adamek, e o juiz auxiliar da presid\u00eancia do CNJ, Lu\u00eds Geraldo Lanfrede, que apresentaram o projeto\u00a0Justi\u00e7a Presente, do CNJ e do Programa das [&hellip;]<\/p>\n","protected":false},"author":2,"featured_media":2929,"comment_status":"open","ping_status":"open","sticky":false,"template":"","format":"standard","meta":[],"categories":[2,4],"tags":[],"_links":{"self":[{"href":"https:\/\/dgospel.com.br\/portal\/index.php\/wp-json\/wp\/v2\/posts\/2928"}],"collection":[{"href":"https:\/\/dgospel.com.br\/portal\/index.php\/wp-json\/wp\/v2\/posts"}],"about":[{"href":"https:\/\/dgospel.com.br\/portal\/index.php\/wp-json\/wp\/v2\/types\/post"}],"author":[{"embeddable":true,"href":"https:\/\/dgospel.com.br\/portal\/index.php\/wp-json\/wp\/v2\/users\/2"}],"replies":[{"embeddable":true,"href":"https:\/\/dgospel.com.br\/portal\/index.php\/wp-json\/wp\/v2\/comments?post=2928"}],"version-history":[{"count":1,"href":"https:\/\/dgospel.com.br\/portal\/index.php\/wp-json\/wp\/v2\/posts\/2928\/revisions"}],"predecessor-version":[{"id":2930,"href":"https:\/\/dgospel.com.br\/portal\/index.php\/wp-json\/wp\/v2\/posts\/2928\/revisions\/2930"}],"wp:featuredmedia":[{"embeddable":true,"href":"https:\/\/dgospel.com.br\/portal\/index.php\/wp-json\/wp\/v2\/media\/2929"}],"wp:attachment":[{"href":"https:\/\/dgospel.com.br\/portal\/index.php\/wp-json\/wp\/v2\/media?parent=2928"}],"wp:term":[{"taxonomy":"category","embeddable":true,"href":"https:\/\/dgospel.com.br\/portal\/index.php\/wp-json\/wp\/v2\/categories?post=2928"},{"taxonomy":"post_tag","embeddable":true,"href":"https:\/\/dgospel.com.br\/portal\/index.php\/wp-json\/wp\/v2\/tags?post=2928"}],"curies":[{"name":"wp","href":"https:\/\/api.w.org\/{rel}","templated":true}]}}