{"id":2931,"date":"2019-04-08T15:53:13","date_gmt":"2019-04-08T18:53:13","guid":{"rendered":"http:\/\/dgospel.com.br\/portal\/?p=2931"},"modified":"2019-04-08T15:53:13","modified_gmt":"2019-04-08T18:53:13","slug":"seguranca-publica-promove-estudos-para-melhorias-no-estatuto-dos-policiais-civis","status":"publish","type":"post","link":"https:\/\/dgospel.com.br\/portal\/index.php\/2019\/04\/08\/seguranca-publica-promove-estudos-para-melhorias-no-estatuto-dos-policiais-civis\/","title":{"rendered":"Seguran\u00e7a P\u00fablica promove estudos para melhorias no Estatuto dos Policiais Civis"},"content":{"rendered":"<p>Ap\u00f3s a aprova\u00e7\u00e3o pela Assembleia Legislativa do novo Estatuto dos Policiais Civis, a Secretaria de Estado da Seguran\u00e7a P\u00fablica forma grupo de trabalho para propor melhorias ao texto. O texto aprovado pela Casa de Leis \u00e9 fruto de cerca de dois anos de estudos da Corregedoria-Geral de Pol\u00edcia e contempla necess\u00e1rios avan\u00e7os nos procedimentos disciplinares.<\/p>\n<p>Contudo, ap\u00f3s reuni\u00e3o com o presidente do Sindicato dos Policiais Civis (Sinpol), Ubiratan Rabello; e com o vice-presidente do Sindicato dos Delegados de Pol\u00edcia (Sindepol), Ibanez Aires, o secret\u00e1rio de Estado da Seguran\u00e7a P\u00fablica, Cristiano Sampaio, determinou ao secret\u00e1rio executivo, Marcelo Falc\u00e3o, que coordenasse o grupo de trabalho com o fim de estudar e propor melhorias ao texto aprovado pela Assembleia Legislativa.<\/p>\n<p>As propostas do Sinpol e do Sindepol foram recebidas e encaminhadas ao gerente de Opera\u00e7\u00f5es da Delegacia Geral, delegado Jos\u00e9 Junior, bem como ao assessor jur\u00eddico do Gabinete, delegado Tiago Resplandes, para an\u00e1lise t\u00e9cnica.<\/p>\n<p>De acordo com o secret\u00e1rio executivo da SSP, Marcelo Falc\u00e3o, a participa\u00e7\u00e3o de todos os policiais civis na constru\u00e7\u00e3o de melhorias ao texto \u00e9 de suma import\u00e2ncia. \u201dOs policiais civis que desejarem contribuir podem encaminhar suas sugest\u00f5es por interm\u00e9dio de suas entidades de classe ou, ainda, pelas suas chefias; o di\u00e1logo e o trabalho conjunto entre a gest\u00e3o e os policiais civis que est\u00e3o na ponta, certamente proporcionar\u00e3o os avan\u00e7os necess\u00e1rios para\u00a0nossa institui\u00e7\u00e3o\u201d.<\/p>\n<p>Para o presidente do Sinpol, Ubiratan Rabello, as propostas de melhorias atendem a demandas apresentadas pelos policiais civis. \u201cElencamos as propostas e protocolamos na Secretaria de Estado da\u00a0Seguran\u00e7a P\u00fablica para que as reivindica\u00e7\u00f5es passem por an\u00e1lise e favore\u00e7am a classe\u201d, afirmou. O resultado da an\u00e1lise ser\u00e1 encaminhado ao secret\u00e1rio de Seguran\u00e7a P\u00fablica e, ap\u00f3s aprova\u00e7\u00e3o, \u00e0 Casa Civil para elabora\u00e7\u00e3o de projeto de Lei.<\/p>\n<p>Por meio de nota, o Sindicato dos Delegados de Pol\u00edcia Civil do Tocantins (Sindepol) afirmou que as demandas da categoria foram apresentadas ao secret\u00e1rio Cristiano Sampaio, na quinta-feira, 4 de abril.<\/p>\n","protected":false},"excerpt":{"rendered":"<p>Ap\u00f3s a aprova\u00e7\u00e3o pela Assembleia Legislativa do novo Estatuto dos Policiais Civis, a Secretaria de Estado da Seguran\u00e7a P\u00fablica forma grupo de trabalho para propor melhorias ao texto. O texto aprovado pela Casa de Leis \u00e9 fruto de cerca de dois anos de estudos da Corregedoria-Geral de Pol\u00edcia e contempla necess\u00e1rios avan\u00e7os nos procedimentos disciplinares. [&hellip;]<\/p>\n","protected":false},"author":2,"featured_media":2932,"comment_status":"open","ping_status":"open","sticky":false,"template":"","format":"standard","meta":[],"categories":[2,3],"tags":[],"_links":{"self":[{"href":"https:\/\/dgospel.com.br\/portal\/index.php\/wp-json\/wp\/v2\/posts\/2931"}],"collection":[{"href":"https:\/\/dgospel.com.br\/portal\/index.php\/wp-json\/wp\/v2\/posts"}],"about":[{"href":"https:\/\/dgospel.com.br\/portal\/index.php\/wp-json\/wp\/v2\/types\/post"}],"author":[{"embeddable":true,"href":"https:\/\/dgospel.com.br\/portal\/index.php\/wp-json\/wp\/v2\/users\/2"}],"replies":[{"embeddable":true,"href":"https:\/\/dgospel.com.br\/portal\/index.php\/wp-json\/wp\/v2\/comments?post=2931"}],"version-history":[{"count":1,"href":"https:\/\/dgospel.com.br\/portal\/index.php\/wp-json\/wp\/v2\/posts\/2931\/revisions"}],"predecessor-version":[{"id":2933,"href":"https:\/\/dgospel.com.br\/portal\/index.php\/wp-json\/wp\/v2\/posts\/2931\/revisions\/2933"}],"wp:featuredmedia":[{"embeddable":true,"href":"https:\/\/dgospel.com.br\/portal\/index.php\/wp-json\/wp\/v2\/media\/2932"}],"wp:attachment":[{"href":"https:\/\/dgospel.com.br\/portal\/index.php\/wp-json\/wp\/v2\/media?parent=2931"}],"wp:term":[{"taxonomy":"category","embeddable":true,"href":"https:\/\/dgospel.com.br\/portal\/index.php\/wp-json\/wp\/v2\/categories?post=2931"},{"taxonomy":"post_tag","embeddable":true,"href":"https:\/\/dgospel.com.br\/portal\/index.php\/wp-json\/wp\/v2\/tags?post=2931"}],"curies":[{"name":"wp","href":"https:\/\/api.w.org\/{rel}","templated":true}]}}